{"id":11802,"date":"2024-01-13T17:20:21","date_gmt":"2024-01-13T16:20:21","guid":{"rendered":"https:\/\/tripaim.com\/blog\/bangkok\/palacio-real-bangkok-copy\/"},"modified":"2025-07-06T08:08:01","modified_gmt":"2025-07-06T06:08:01","slug":"plaza-de-la-republica","status":"publish","type":"post","link":"https:\/\/tripaim.com\/blog\/florencia\/plaza-de-la-republica\/","title":{"rendered":"Plaza de la Rep\u00fablica"},"content":{"rendered":"\t\t<div data-elementor-type=\"wp-post\" data-elementor-id=\"11802\" class=\"elementor elementor-11802\" data-elementor-post-type=\"post\">\n\t\t\t\t\t\t<header data-dce-background-color=\"#00000000\" data-dce-background-overlay-color=\"#F4F4F4C2\" data-dce-background-image-url=\"https:\/\/tripaim.com\/blog\/wp-content\/uploads\/2021\/05\/Piazza-della-Repubblica.jpg\" class=\"elementor-section elementor-top-section elementor-element elementor-element-625d1998 elementor-section-full_width elementor-section-height-min-height elementor-section-height-default elementor-section-items-middle\" data-id=\"625d1998\" data-element_type=\"section\" data-settings=\"{&quot;background_background&quot;:&quot;classic&quot;,&quot;shape_divider_bottom&quot;:&quot;mountains&quot;,&quot;jet_parallax_layout_list&quot;:[{&quot;jet_parallax_layout_image&quot;:{&quot;url&quot;:&quot;&quot;,&quot;id&quot;:&quot;&quot;,&quot;size&quot;:&quot;&quot;},&quot;_id&quot;:&quot;b04378f&quot;,&quot;jet_parallax_layout_image_tablet&quot;:{&quot;url&quot;:&quot;&quot;,&quot;id&quot;:&quot;&quot;,&quot;size&quot;:&quot;&quot;},&quot;jet_parallax_layout_image_mobile&quot;:{&quot;url&quot;:&quot;&quot;,&quot;id&quot;:&quot;&quot;,&quot;size&quot;:&quot;&quot;},&quot;jet_parallax_layout_speed&quot;:{&quot;unit&quot;:&quot;%&quot;,&quot;size&quot;:50,&quot;sizes&quot;:[]},&quot;jet_parallax_layout_type&quot;:&quot;scroll&quot;,&quot;jet_parallax_layout_direction&quot;:null,&quot;jet_parallax_layout_fx_direction&quot;:null,&quot;jet_parallax_layout_z_index&quot;:&quot;&quot;,&quot;jet_parallax_layout_bg_x&quot;:50,&quot;jet_parallax_layout_bg_x_tablet&quot;:&quot;&quot;,&quot;jet_parallax_layout_bg_x_mobile&quot;:&quot;&quot;,&quot;jet_parallax_layout_bg_y&quot;:50,&quot;jet_parallax_layout_bg_y_tablet&quot;:&quot;&quot;,&quot;jet_parallax_layout_bg_y_mobile&quot;:&quot;&quot;,&quot;jet_parallax_layout_bg_size&quot;:&quot;auto&quot;,&quot;jet_parallax_layout_bg_size_tablet&quot;:&quot;&quot;,&quot;jet_parallax_layout_bg_size_mobile&quot;:&quot;&quot;,&quot;jet_parallax_layout_animation_prop&quot;:&quot;transform&quot;,&quot;jet_parallax_layout_on&quot;:[&quot;desktop&quot;,&quot;tablet&quot;]}]}\">\n\t\t\t\t\t\t\t<div class=\"elementor-background-overlay\"><\/div>\n\t\t\t\t\t\t<div class=\"elementor-shape elementor-shape-bottom\" data-negative=\"false\">\n\t\t\t<svg xmlns=\"http:\/\/www.w3.org\/2000\/svg\" viewBox=\"0 0 1000 100\" preserveAspectRatio=\"none\">\n\t<path class=\"elementor-shape-fill\" opacity=\"0.33\" d=\"M473,67.3c-203.9,88.3-263.1-34-320.3,0C66,119.1,0,59.7,0,59.7V0h1000v59.7 c0,0-62.1,26.1-94.9,29.3c-32.8,3.3-62.8-12.3-75.8-22.1C806,49.6,745.3,8.7,694.9,4.7S492.4,59,473,67.3z\"\/>\n\t<path class=\"elementor-shape-fill\" opacity=\"0.66\" d=\"M734,67.3c-45.5,0-77.2-23.2-129.1-39.1c-28.6-8.7-150.3-10.1-254,39.1 s-91.7-34.4-149.2,0C115.7,118.3,0,39.8,0,39.8V0h1000v36.5c0,0-28.2-18.5-92.1-18.5C810.2,18.1,775.7,67.3,734,67.3z\"\/>\n\t<path class=\"elementor-shape-fill\" d=\"M766.1,28.9c-200-57.5-266,65.5-395.1,19.5C242,1.8,242,5.4,184.8,20.6C128,35.8,132.3,44.9,89.9,52.5C28.6,63.7,0,0,0,0 h1000c0,0-9.9,40.9-83.6,48.1S829.6,47,766.1,28.9z\"\/>\n<\/svg>\t\t<\/div>\n\t\t\t\t\t<div class=\"elementor-container elementor-column-gap-default\">\n\t\t\t\t\t<div class=\"elementor-column elementor-col-100 elementor-top-column elementor-element elementor-element-52752079\" data-id=\"52752079\" data-element_type=\"column\" data-settings=\"{&quot;background_background&quot;:&quot;classic&quot;}\">\n\t\t\t<div class=\"elementor-widget-wrap elementor-element-populated\">\n\t\t\t\t\t\t<div class=\"elementor-element elementor-element-738fdfeb elementor-widget elementor-widget-theme-post-title elementor-page-title elementor-widget-heading\" data-id=\"738fdfeb\" data-element_type=\"widget\" data-widget_type=\"theme-post-title.default\">\n\t\t\t\t<div class=\"elementor-widget-container\">\n\t\t\t<div class=\"elementor-heading-title elementor-size-default\">Plaza de la Rep\u00fablica<\/div>\t\t<\/div>\n\t\t\t\t<\/div>\n\t\t\t\t<div class=\"elementor-element elementor-element-148c425c elementor-absolute elementor-widget elementor-widget-image\" data-id=\"148c425c\" data-element_type=\"widget\" data-settings=\"{&quot;_position&quot;:&quot;absolute&quot;}\" data-widget_type=\"image.default\">\n\t\t\t\t<div class=\"elementor-widget-container\">\n\t\t\t\t\t\t\t\t\t\t\t\t\t<img decoding=\"async\" src=\"https:\/\/tripaim.com\/blog\/wp-content\/uploads\/elementor\/thumbs\/Tripaim-q8bbgminmichpp2ys7cie97rmciv6ngsyoe625c7wg.png\" title=\"Tripaim\" alt=\"Tripaim\" loading=\"lazy\" \/>\t\t\t\t\t\t\t\t\t\t\t\t\t<\/div>\n\t\t\t\t<\/div>\n\t\t\t\t\t<\/div>\n\t\t<\/div>\n\t\t\t\t\t<\/div>\n\t\t<\/header>\n\t\t\t\t<section class=\"elementor-section elementor-top-section elementor-element elementor-element-5fcb8757 elementor-section-boxed elementor-section-height-default elementor-section-height-default\" data-id=\"5fcb8757\" data-element_type=\"section\" data-settings=\"{&quot;jet_parallax_layout_list&quot;:[{&quot;jet_parallax_layout_image&quot;:{&quot;url&quot;:&quot;&quot;,&quot;id&quot;:&quot;&quot;,&quot;size&quot;:&quot;&quot;},&quot;_id&quot;:&quot;052c1d3&quot;,&quot;jet_parallax_layout_image_tablet&quot;:{&quot;url&quot;:&quot;&quot;,&quot;id&quot;:&quot;&quot;,&quot;size&quot;:&quot;&quot;},&quot;jet_parallax_layout_image_mobile&quot;:{&quot;url&quot;:&quot;&quot;,&quot;id&quot;:&quot;&quot;,&quot;size&quot;:&quot;&quot;},&quot;jet_parallax_layout_speed&quot;:{&quot;unit&quot;:&quot;%&quot;,&quot;size&quot;:50,&quot;sizes&quot;:[]},&quot;jet_parallax_layout_type&quot;:&quot;scroll&quot;,&quot;jet_parallax_layout_direction&quot;:null,&quot;jet_parallax_layout_fx_direction&quot;:null,&quot;jet_parallax_layout_z_index&quot;:&quot;&quot;,&quot;jet_parallax_layout_bg_x&quot;:50,&quot;jet_parallax_layout_bg_x_tablet&quot;:&quot;&quot;,&quot;jet_parallax_layout_bg_x_mobile&quot;:&quot;&quot;,&quot;jet_parallax_layout_bg_y&quot;:50,&quot;jet_parallax_layout_bg_y_tablet&quot;:&quot;&quot;,&quot;jet_parallax_layout_bg_y_mobile&quot;:&quot;&quot;,&quot;jet_parallax_layout_bg_size&quot;:&quot;auto&quot;,&quot;jet_parallax_layout_bg_size_tablet&quot;:&quot;&quot;,&quot;jet_parallax_layout_bg_size_mobile&quot;:&quot;&quot;,&quot;jet_parallax_layout_animation_prop&quot;:&quot;transform&quot;,&quot;jet_parallax_layout_on&quot;:[&quot;desktop&quot;,&quot;tablet&quot;]}]}\">\n\t\t\t\t\t\t<div class=\"elementor-container elementor-column-gap-default\">\n\t\t\t\t\t<div class=\"elementor-column elementor-col-66 elementor-top-column elementor-element elementor-element-3b4635e2\" data-id=\"3b4635e2\" data-element_type=\"column\">\n\t\t\t<div class=\"elementor-widget-wrap elementor-element-populated\">\n\t\t\t\t\t\t<div class=\"elementor-element elementor-element-49ece9e9 elementor-widget elementor-widget-heading\" data-id=\"49ece9e9\" data-element_type=\"widget\" data-widget_type=\"heading.default\">\n\t\t\t\t<div class=\"elementor-widget-container\">\n\t\t\t<h1 class=\"elementor-heading-title elementor-size-default\">Plaza de la Rep\u00fablica, un s\u00edmbolo de modernidad. <\/h1>\t\t<\/div>\n\t\t\t\t<\/div>\n\t\t\t\t<div class=\"elementor-element elementor-element-60edb045 elementor-align-left elementor-widget elementor-widget-breadcrumbs\" data-id=\"60edb045\" data-element_type=\"widget\" data-widget_type=\"breadcrumbs.default\">\n\t\t\t\t<div class=\"elementor-widget-container\">\n\t\t\t<p id=\"breadcrumbs\"><span><span><a href=\"https:\/\/tripaim.com\/blog\/\">Inicio<\/a><\/span><\/span><\/p>\t\t<\/div>\n\t\t\t\t<\/div>\n\t\t\t\t<div class=\"elementor-element elementor-element-675c0ec7 elementor-widget elementor-widget-text-editor\" data-id=\"675c0ec7\" data-element_type=\"widget\" data-widget_type=\"text-editor.default\">\n\t\t\t\t<div class=\"elementor-widget-container\">\n\t\t\t\t\t\t\t<p>Aunque Florencia destaca por sus construcciones que tienen siglos de antig\u00fcedad, hay otros lugares de la ciudad que resaltan por ser m\u00e1s modernos. Uno de ellos es la <strong>Plaza de la Rep\u00fablica<\/strong>, un espacio que cambi\u00f3 por completo el urbanismo de la ciudad, y dio a los florentinos un nuevo punto de inter\u00e9s social, comercial y cultural.<\/p>\t\t\t\t\t\t<\/div>\n\t\t\t\t<\/div>\n\t\t\t\t<div class=\"elementor-element elementor-element-600d0ed8 elementor-widget__width-auto elementor-share-buttons--view-icon elementor-share-buttons--skin-boxed elementor-share-buttons--shape-circle elementor-grid-4 elementor-share-buttons--color-official elementor-widget elementor-widget-share-buttons\" data-id=\"600d0ed8\" data-element_type=\"widget\" data-widget_type=\"share-buttons.default\">\n\t\t\t\t<div class=\"elementor-widget-container\">\n\t\t\t\t\t<div class=\"elementor-grid\">\n\t\t\t\t\t\t\t\t<div class=\"elementor-grid-item\">\n\t\t\t\t\t\t<div\n\t\t\t\t\t\t\tclass=\"elementor-share-btn elementor-share-btn_facebook\"\n\t\t\t\t\t\t\trole=\"button\"\n\t\t\t\t\t\t\ttabindex=\"0\"\n\t\t\t\t\t\t\taria-label=\"Compartir en facebook\"\n\t\t\t\t\t\t>\n\t\t\t\t\t\t\t\t\t\t\t\t\t\t\t<span class=\"elementor-share-btn__icon\">\n\t\t\t\t\t\t\t\t<i class=\"fab fa-facebook\" aria-hidden=\"true\"><\/i>\t\t\t\t\t\t\t<\/span>\n\t\t\t\t\t\t\t\t\t\t\t\t\t\t\t\t\t\t\t\t<\/div>\n\t\t\t\t\t<\/div>\n\t\t\t\t\t\t\t\t\t<div class=\"elementor-grid-item\">\n\t\t\t\t\t\t<div\n\t\t\t\t\t\t\tclass=\"elementor-share-btn elementor-share-btn_twitter\"\n\t\t\t\t\t\t\trole=\"button\"\n\t\t\t\t\t\t\ttabindex=\"0\"\n\t\t\t\t\t\t\taria-label=\"Compartir en twitter\"\n\t\t\t\t\t\t>\n\t\t\t\t\t\t\t\t\t\t\t\t\t\t\t<span class=\"elementor-share-btn__icon\">\n\t\t\t\t\t\t\t\t<i class=\"fab fa-twitter\" aria-hidden=\"true\"><\/i>\t\t\t\t\t\t\t<\/span>\n\t\t\t\t\t\t\t\t\t\t\t\t\t\t\t\t\t\t\t\t<\/div>\n\t\t\t\t\t<\/div>\n\t\t\t\t\t\t\t\t\t<div class=\"elementor-grid-item\">\n\t\t\t\t\t\t<div\n\t\t\t\t\t\t\tclass=\"elementor-share-btn elementor-share-btn_whatsapp\"\n\t\t\t\t\t\t\trole=\"button\"\n\t\t\t\t\t\t\ttabindex=\"0\"\n\t\t\t\t\t\t\taria-label=\"Compartir en whatsapp\"\n\t\t\t\t\t\t>\n\t\t\t\t\t\t\t\t\t\t\t\t\t\t\t<span class=\"elementor-share-btn__icon\">\n\t\t\t\t\t\t\t\t<i class=\"fab fa-whatsapp\" aria-hidden=\"true\"><\/i>\t\t\t\t\t\t\t<\/span>\n\t\t\t\t\t\t\t\t\t\t\t\t\t\t\t\t\t\t\t\t<\/div>\n\t\t\t\t\t<\/div>\n\t\t\t\t\t\t\t\t\t<div class=\"elementor-grid-item\">\n\t\t\t\t\t\t<div\n\t\t\t\t\t\t\tclass=\"elementor-share-btn elementor-share-btn_email\"\n\t\t\t\t\t\t\trole=\"button\"\n\t\t\t\t\t\t\ttabindex=\"0\"\n\t\t\t\t\t\t\taria-label=\"Compartir en email\"\n\t\t\t\t\t\t>\n\t\t\t\t\t\t\t\t\t\t\t\t\t\t\t<span class=\"elementor-share-btn__icon\">\n\t\t\t\t\t\t\t\t<i class=\"fas fa-envelope\" aria-hidden=\"true\"><\/i>\t\t\t\t\t\t\t<\/span>\n\t\t\t\t\t\t\t\t\t\t\t\t\t\t\t\t\t\t\t\t<\/div>\n\t\t\t\t\t<\/div>\n\t\t\t\t\t\t<\/div>\n\t\t\t\t<\/div>\n\t\t\t\t<\/div>\n\t\t\t\t<div class=\"elementor-element elementor-element-6d934f04 elementor-widget elementor-widget-spacer\" data-id=\"6d934f04\" data-element_type=\"widget\" data-widget_type=\"spacer.default\">\n\t\t\t\t<div class=\"elementor-widget-container\">\n\t\t\t\t\t<div class=\"elementor-spacer\">\n\t\t\t<div class=\"elementor-spacer-inner\"><\/div>\n\t\t<\/div>\n\t\t\t\t<\/div>\n\t\t\t\t<\/div>\n\t\t\t\t<div class=\"elementor-element elementor-element-53ba8da7 elementor-toc--minimized-on-tablet elementor-widget elementor-widget-table-of-contents\" data-id=\"53ba8da7\" data-element_type=\"widget\" data-settings=\"{&quot;headings_by_tags&quot;:[&quot;h2&quot;],&quot;exclude_headings_by_selector&quot;:&quot;#articulos,#fotonoticias,.elementor-cta__title&quot;,&quot;min_height&quot;:{&quot;unit&quot;:&quot;px&quot;,&quot;size&quot;:82,&quot;sizes&quot;:[]},&quot;no_headings_message&quot;:&quot;No headings were found on this page.&quot;,&quot;marker_view&quot;:&quot;numbers&quot;,&quot;minimize_box&quot;:&quot;yes&quot;,&quot;minimized_on&quot;:&quot;tablet&quot;,&quot;hierarchical_view&quot;:&quot;yes&quot;,&quot;min_height_tablet&quot;:{&quot;unit&quot;:&quot;px&quot;,&quot;size&quot;:&quot;&quot;,&quot;sizes&quot;:[]},&quot;min_height_mobile&quot;:{&quot;unit&quot;:&quot;px&quot;,&quot;size&quot;:&quot;&quot;,&quot;sizes&quot;:[]}}\" data-widget_type=\"table-of-contents.default\">\n\t\t\t\t<div class=\"elementor-widget-container\">\n\t\t\t\t\t<div class=\"elementor-toc__header\">\n\t\t\t<h4 class=\"elementor-toc__header-title\">\n\t\t\t\t\u00cdndice de contenido\t\t\t<\/h4>\n\t\t\t\t\t\t\t<div class=\"elementor-toc__toggle-button elementor-toc__toggle-button--expand\" role=\"button\" tabindex=\"0\" aria-controls=\"elementor-toc__53ba8da7\" aria-expanded=\"true\" aria-label=\"Open table of contents\"><i aria-hidden=\"true\" class=\"fas fa-chevron-down\"><\/i><\/div>\n\t\t\t\t<div class=\"elementor-toc__toggle-button elementor-toc__toggle-button--collapse\" role=\"button\" tabindex=\"0\" aria-controls=\"elementor-toc__53ba8da7\" aria-expanded=\"true\" aria-label=\"Close table of contents\"><i aria-hidden=\"true\" class=\"fas fa-chevron-up\"><\/i><\/div>\n\t\t\t\t\t<\/div>\n\t\t<div id=\"elementor-toc__53ba8da7\" class=\"elementor-toc__body\">\n\t\t\t<div class=\"elementor-toc__spinner-container\">\n\t\t\t\t<i class=\"elementor-toc__spinner eicon-animation-spin eicon-loading\" aria-hidden=\"true\"><\/i>\t\t\t<\/div>\n\t\t<\/div>\n\t\t\t\t<\/div>\n\t\t\t\t<\/div>\n\t\t\t\t<div class=\"elementor-element elementor-element-2b57a8f elementor-widget elementor-widget-image\" data-id=\"2b57a8f\" data-element_type=\"widget\" data-widget_type=\"image.default\">\n\t\t\t\t<div class=\"elementor-widget-container\">\n\t\t\t\t\t\t\t\t\t\t\t\t\t\t<a href=\"https:\/\/www.tripaim.com\/?afp=VW5kS2FTdFVUalZDYjFkTVJUaFRkek5vVVdKbWR6MDk\">\n\t\t\t\t\t\t\t<img fetchpriority=\"high\" decoding=\"async\" width=\"1024\" height=\"170\" src=\"https:\/\/tripaim.com\/blog\/wp-content\/uploads\/2024\/09\/Rutas-personalizadas-Florencia-ESP-1024x170.jpg\" class=\"attachment-large size-large wp-image-31417\" alt=\"Gu\u00eda personalizada de Florencia\" srcset=\"https:\/\/tripaim.com\/blog\/wp-content\/uploads\/2024\/09\/Rutas-personalizadas-Florencia-ESP-1024x170.jpg 1024w, https:\/\/tripaim.com\/blog\/wp-content\/uploads\/2024\/09\/Rutas-personalizadas-Florencia-ESP-300x50.jpg 300w, https:\/\/tripaim.com\/blog\/wp-content\/uploads\/2024\/09\/Rutas-personalizadas-Florencia-ESP-768x128.jpg 768w, https:\/\/tripaim.com\/blog\/wp-content\/uploads\/2024\/09\/Rutas-personalizadas-Florencia-ESP-1536x255.jpg 1536w, https:\/\/tripaim.com\/blog\/wp-content\/uploads\/2024\/09\/Rutas-personalizadas-Florencia-ESP.jpg 1800w\" sizes=\"(max-width: 1024px) 100vw, 1024px\" \/>\t\t\t\t\t\t\t\t<\/a>\n\t\t\t\t\t\t\t\t\t\t\t\t\t<\/div>\n\t\t\t\t<\/div>\n\t\t\t\t<div class=\"elementor-element elementor-element-84e6566 elementor-widget elementor-widget-image\" data-id=\"84e6566\" data-element_type=\"widget\" data-widget_type=\"image.default\">\n\t\t\t\t<div class=\"elementor-widget-container\">\n\t\t\t\t\t\t\t\t\t\t\t\t\t<img decoding=\"async\" width=\"992\" height=\"450\" src=\"https:\/\/tripaim.com\/blog\/wp-content\/uploads\/2021\/05\/Piazza-della-Repubblica-de-Florencia.jpg\" class=\"attachment-large size-large wp-image-11807\" alt=\"\" srcset=\"https:\/\/tripaim.com\/blog\/wp-content\/uploads\/2021\/05\/Piazza-della-Repubblica-de-Florencia.jpg 992w, https:\/\/tripaim.com\/blog\/wp-content\/uploads\/2021\/05\/Piazza-della-Repubblica-de-Florencia-300x136.jpg 300w, https:\/\/tripaim.com\/blog\/wp-content\/uploads\/2021\/05\/Piazza-della-Repubblica-de-Florencia-768x348.jpg 768w\" sizes=\"(max-width: 992px) 100vw, 992px\" \/>\t\t\t\t\t\t\t\t\t\t\t\t\t<\/div>\n\t\t\t\t<\/div>\n\t\t\t\t<div class=\"elementor-element elementor-element-7743b28e elementor-widget elementor-widget-heading\" data-id=\"7743b28e\" data-element_type=\"widget\" data-widget_type=\"heading.default\">\n\t\t\t\t<div class=\"elementor-widget-container\">\n\t\t\t<h2 class=\"elementor-heading-title elementor-size-default\">Una plaza que es antigua y nueva <\/h2>\t\t<\/div>\n\t\t\t\t<\/div>\n\t\t\t\t<div class=\"elementor-element elementor-element-5460cf80 elementor-widget elementor-widget-text-editor\" data-id=\"5460cf80\" data-element_type=\"widget\" data-widget_type=\"text-editor.default\">\n\t\t\t\t<div class=\"elementor-widget-container\">\n\t\t\t\t\t\t\t<p>La Plaza de la Rep\u00fablica, o al menos, el lugar que ocupa en el Centro Hist\u00f3rico de Florencia, no es una novedad. De hecho, ha estado all\u00ed desde antes que iniciaran las \u00e9pocas del Renacimiento e incluso la Medieval.<\/p><p>\u00a0<\/p><p>Al igual que la Plaza de la Se\u00f1or\u00eda, la de la Rep\u00fablica fue un mercado durante muchos a\u00f1os. A su alrededor tambi\u00e9n hab\u00edan peque\u00f1as viviendas y la zona estaba repleta de puestos ambulantes. Igualmente, el Barrio Jud\u00edo de Florencia quedaba bastante cerca del lugar.<\/p><p>\u00a0<\/p><p>Mucho tiempo despu\u00e9s, Florencia fue nombrada brevemente capital de Italia, e iniciaron los planes para modernizarla. Una de las ideas aprobadas fue la de eliminar el antiguo mercado y convertirlo en una plaza. Sin embargo, cuando Roma fue elegida capital definitiva, muchos de los planes de renovaci\u00f3n urbana quedaron abandonados.<\/p><p>\u00a0<\/p><p>Solo a finales del siglo XIX, la <strong>Plaza de la Rep\u00fablica <\/strong>empez\u00f3 a tomar forma nuevamente, y esta vez el cambio ser\u00eda duradero. La plaza resisti\u00f3 los peores a\u00f1os de la Segunda Guerra Mundial, hasta convertirse en una zona vivaz y activa, que cada d\u00eda se llena de personas, tanto locales como visitantes.<\/p>\t\t\t\t\t\t<\/div>\n\t\t\t\t<\/div>\n\t\t\t\t<div class=\"elementor-element elementor-element-7515672d elementor-widget elementor-widget-image\" data-id=\"7515672d\" data-element_type=\"widget\" data-settings=\"{&quot;motion_fx_motion_fx_scrolling&quot;:&quot;yes&quot;,&quot;motion_fx_blur_effect&quot;:&quot;yes&quot;,&quot;motion_fx_blur_direction&quot;:&quot;in-out&quot;,&quot;motion_fx_blur_level&quot;:{&quot;unit&quot;:&quot;px&quot;,&quot;size&quot;:13,&quot;sizes&quot;:[]},&quot;motion_fx_blur_range&quot;:{&quot;unit&quot;:&quot;%&quot;,&quot;size&quot;:&quot;&quot;,&quot;sizes&quot;:{&quot;start&quot;:75,&quot;end&quot;:100}},&quot;motion_fx_devices&quot;:[&quot;desktop&quot;,&quot;tablet&quot;,&quot;mobile&quot;]}\" data-widget_type=\"image.default\">\n\t\t\t\t<div class=\"elementor-widget-container\">\n\t\t\t\t\t\t\t\t\t\t\t\t\t<img decoding=\"async\" width=\"992\" height=\"450\" src=\"https:\/\/tripaim.com\/blog\/wp-content\/uploads\/2021\/05\/Plaza-de-la-Republica-de-Florencia.jpg\" class=\"attachment-full size-full wp-image-11809\" alt=\"\" srcset=\"https:\/\/tripaim.com\/blog\/wp-content\/uploads\/2021\/05\/Plaza-de-la-Republica-de-Florencia.jpg 992w, https:\/\/tripaim.com\/blog\/wp-content\/uploads\/2021\/05\/Plaza-de-la-Republica-de-Florencia-300x136.jpg 300w, https:\/\/tripaim.com\/blog\/wp-content\/uploads\/2021\/05\/Plaza-de-la-Republica-de-Florencia-768x348.jpg 768w\" sizes=\"(max-width: 992px) 100vw, 992px\" \/>\t\t\t\t\t\t\t\t\t\t\t\t\t<\/div>\n\t\t\t\t<\/div>\n\t\t\t\t<div class=\"elementor-element elementor-element-203d2165 elementor-widget elementor-widget-heading\" data-id=\"203d2165\" data-element_type=\"widget\" data-widget_type=\"heading.default\">\n\t\t\t\t<div class=\"elementor-widget-container\">\n\t\t\t<h2 class=\"elementor-heading-title elementor-size-default\">Un lugar para ver y ser visto<\/h2>\t\t<\/div>\n\t\t\t\t<\/div>\n\t\t\t\t<div class=\"elementor-element elementor-element-53b15362 elementor-widget elementor-widget-text-editor\" data-id=\"53b15362\" data-element_type=\"widget\" data-widget_type=\"text-editor.default\">\n\t\t\t\t<div class=\"elementor-widget-container\">\n\t\t\t\t\t\t\t<p>Al llegar por primera vez a la Plaza de la Rep\u00fablica, es sencillo notar su dise\u00f1o rectangular, bordeado por altas paredes, fachadas de edificios, la gran puerta que tambi\u00e9n sirve como entrada principal, la estatua ecuestre que adorna el centro de la plaza y los grandes arcos que forman el primer piso de la famosa Columna de la Abundancia.<\/p><p>\u00a0<\/p><p>Como es de esperar, la <strong>Plaza de la Rep\u00fablica<\/strong> es una parte de la ciudad ampliamente transitada. En ella se unen la zona antigua y la zona moderna de Florencia, adem\u00e1s, es el lugar ideal para pasear, quedar con amigos o simplemente maravillarse por su espectacular arquitectura.<\/p><p>\u00a0<\/p><p>Igualmente, sigue haci\u00e9ndole honor a su pasado hist\u00f3rico, ya que el antiguo mercado es actualmente uno de los escenarios comerciales m\u00e1s importantes de Florencia. A sus alrededores abundan los puestos de comida, las tiendas de ropa, los caf\u00e9s, y muchas otras opciones de ocio y entretenimiento.<\/p>\t\t\t\t\t\t<\/div>\n\t\t\t\t<\/div>\n\t\t\t\t<div class=\"elementor-element elementor-element-d2b3ab7 elementor-widget elementor-widget-image\" data-id=\"d2b3ab7\" data-element_type=\"widget\" data-settings=\"{&quot;motion_fx_motion_fx_scrolling&quot;:&quot;yes&quot;,&quot;motion_fx_blur_effect&quot;:&quot;yes&quot;,&quot;motion_fx_blur_direction&quot;:&quot;in-out&quot;,&quot;motion_fx_blur_level&quot;:{&quot;unit&quot;:&quot;px&quot;,&quot;size&quot;:13,&quot;sizes&quot;:[]},&quot;motion_fx_blur_range&quot;:{&quot;unit&quot;:&quot;%&quot;,&quot;size&quot;:&quot;&quot;,&quot;sizes&quot;:{&quot;start&quot;:75,&quot;end&quot;:100}},&quot;motion_fx_devices&quot;:[&quot;desktop&quot;,&quot;tablet&quot;,&quot;mobile&quot;]}\" data-widget_type=\"image.default\">\n\t\t\t\t<div class=\"elementor-widget-container\">\n\t\t\t\t\t\t\t\t\t\t\t\t\t<img loading=\"lazy\" decoding=\"async\" width=\"992\" height=\"450\" src=\"https:\/\/tripaim.com\/blog\/wp-content\/uploads\/2021\/05\/Que-ver-en-Florencia.jpg\" class=\"attachment-full size-full wp-image-11811\" alt=\"\" srcset=\"https:\/\/tripaim.com\/blog\/wp-content\/uploads\/2021\/05\/Que-ver-en-Florencia.jpg 992w, https:\/\/tripaim.com\/blog\/wp-content\/uploads\/2021\/05\/Que-ver-en-Florencia-300x136.jpg 300w, https:\/\/tripaim.com\/blog\/wp-content\/uploads\/2021\/05\/Que-ver-en-Florencia-768x348.jpg 768w\" sizes=\"(max-width: 992px) 100vw, 992px\" \/>\t\t\t\t\t\t\t\t\t\t\t\t\t<\/div>\n\t\t\t\t<\/div>\n\t\t\t\t<div class=\"elementor-element elementor-element-277b11df elementor-widget elementor-widget-heading\" data-id=\"277b11df\" data-element_type=\"widget\" data-widget_type=\"heading.default\">\n\t\t\t\t<div class=\"elementor-widget-container\">\n\t\t\t<h2 class=\"elementor-heading-title elementor-size-default\">\u00bfPor qu\u00e9 visitar la Plaza de la Rep\u00fablica?<\/h2>\t\t<\/div>\n\t\t\t\t<\/div>\n\t\t\t\t<div class=\"elementor-element elementor-element-70fe8232 elementor-widget elementor-widget-text-editor\" data-id=\"70fe8232\" data-element_type=\"widget\" data-widget_type=\"text-editor.default\">\n\t\t\t\t<div class=\"elementor-widget-container\">\n\t\t\t\t\t\t\t<p>Ir a Florencia y no conocer la Plaza de la Rep\u00fablica es como ir a Roma y dejar pasar la oportunidad de conocer la Plaza Navona, simplemente imposible.<\/p><p>\u00a0<\/p><p>De igual manera, la plaza es un tipo de frontera que separa la Florencia nueva de la antigua, as\u00ed que si quieres ir de una zona a la otra, indudablemente tendr\u00e1s que pasar por aqu\u00ed.\u00a0<\/p><p>\u00a0<\/p><p>Nuestro consejo es que disfrutes el camino, te detengas a ver las tiendas, te sientes a tomar un caf\u00e9, comas un bocadillo o tomes algunas fotograf\u00edas, ya que el escenario que ofrece esta plaza es ideal.<\/p><p>\u00a0<\/p><p>Quiz\u00e1s la <strong>Plaza de la Rep\u00fablica<\/strong> no tenga las mismas obras de arte que la Plaza de la Se\u00f1or\u00eda, pero apenas la conozcas, te enamorar\u00e1s de ella.<\/p>\t\t\t\t\t\t<\/div>\n\t\t\t\t<\/div>\n\t\t\t\t<div class=\"elementor-element elementor-element-a9a737c elementor-widget elementor-widget-image\" data-id=\"a9a737c\" data-element_type=\"widget\" data-widget_type=\"image.default\">\n\t\t\t\t<div class=\"elementor-widget-container\">\n\t\t\t\t\t\t\t\t\t\t\t\t\t\t<a href=\"https:\/\/www.tripaim.com\/?afp=VW5kS2FTdFVUalZDYjFkTVJUaFRkek5vVVdKbWR6MDk\">\n\t\t\t\t\t\t\t<img loading=\"lazy\" decoding=\"async\" width=\"1024\" height=\"170\" src=\"https:\/\/tripaim.com\/blog\/wp-content\/uploads\/2025\/04\/Eventos-y-Actividades-gratuitas-ING-1024x170.jpg\" class=\"attachment-large size-large wp-image-34520\" alt=\"Guide to Events and Activities in Florence\" srcset=\"https:\/\/tripaim.com\/blog\/wp-content\/uploads\/2025\/04\/Eventos-y-Actividades-gratuitas-ING-1024x170.jpg 1024w, https:\/\/tripaim.com\/blog\/wp-content\/uploads\/2025\/04\/Eventos-y-Actividades-gratuitas-ING-300x50.jpg 300w, https:\/\/tripaim.com\/blog\/wp-content\/uploads\/2025\/04\/Eventos-y-Actividades-gratuitas-ING-768x128.jpg 768w, https:\/\/tripaim.com\/blog\/wp-content\/uploads\/2025\/04\/Eventos-y-Actividades-gratuitas-ING-1536x255.jpg 1536w, https:\/\/tripaim.com\/blog\/wp-content\/uploads\/2025\/04\/Eventos-y-Actividades-gratuitas-ING.jpg 1800w\" sizes=\"(max-width: 1024px) 100vw, 1024px\" \/>\t\t\t\t\t\t\t\t<\/a>\n\t\t\t\t\t\t\t\t\t\t\t\t\t<\/div>\n\t\t\t\t<\/div>\n\t\t\t\t<div class=\"elementor-element elementor-element-5e533eb5 elementor-widget elementor-widget-heading\" data-id=\"5e533eb5\" data-element_type=\"widget\" data-widget_type=\"heading.default\">\n\t\t\t\t<div class=\"elementor-widget-container\">\n\t\t\t<h2 class=\"elementor-heading-title elementor-size-default\">C\u00f3mo llegar<\/h2>\t\t<\/div>\n\t\t\t\t<\/div>\n\t\t\t\t<div class=\"elementor-element elementor-element-1009893c elementor-widget elementor-widget-google_maps\" data-id=\"1009893c\" data-element_type=\"widget\" data-widget_type=\"google_maps.default\">\n\t\t\t\t<div class=\"elementor-widget-container\">\n\t\t\t\t\t<div class=\"elementor-custom-embed\">\n\t\t\t<iframe loading=\"lazy\"\n\t\t\t\t\tsrc=\"https:\/\/maps.google.com\/maps?q=Plaza%20de%20la%20Republica%20Florencia&#038;t=m&#038;z=15&#038;output=embed&#038;iwloc=near\"\n\t\t\t\t\ttitle=\"Plaza de la Republica Florencia\"\n\t\t\t\t\taria-label=\"Plaza de la Republica Florencia\"\n\t\t\t><\/iframe>\n\t\t<\/div>\n\t\t\t\t<\/div>\n\t\t\t\t<\/div>\n\t\t\t\t\t<\/div>\n\t\t<\/div>\n\t\t\t\t<div class=\"elementor-column elementor-col-33 elementor-top-column elementor-element elementor-element-6f2cb434\" data-id=\"6f2cb434\" data-element_type=\"column\">\n\t\t\t<div class=\"elementor-widget-wrap elementor-element-populated\">\n\t\t\t\t\t\t<div class=\"elementor-element elementor-element-6389af0e elementor-hidden-tablet elementor-hidden-phone elementor-widget elementor-widget-spacer\" data-id=\"6389af0e\" data-element_type=\"widget\" data-widget_type=\"spacer.default\">\n\t\t\t\t<div class=\"elementor-widget-container\">\n\t\t\t\t\t<div class=\"elementor-spacer\">\n\t\t\t<div class=\"elementor-spacer-inner\"><\/div>\n\t\t<\/div>\n\t\t\t\t<\/div>\n\t\t\t\t<\/div>\n\t\t\t\t<div data-dce-advanced-background-color=\"#FFFFFF\" class=\"elementor-element elementor-element-b179568 elementor-widget elementor-widget-sidebar\" data-id=\"b179568\" data-element_type=\"widget\" data-widget_type=\"sidebar.default\">\n\t\t\t\t<div class=\"elementor-widget-container\">\n\t\t\t<aside id=\"elementor-library-20\" class=\"content well push-bottom-large widget widget_elementor-library\">\t\t<div data-elementor-type=\"section\" data-elementor-id=\"12025\" class=\"elementor elementor-12025\" data-elementor-post-type=\"elementor_library\">\n\t\t\t\t\t<section class=\"elementor-section elementor-top-section elementor-element elementor-element-4452c73 elementor-section-boxed elementor-section-height-default elementor-section-height-default\" data-id=\"4452c73\" data-element_type=\"section\" data-settings=\"{&quot;jet_parallax_layout_list&quot;:[{&quot;jet_parallax_layout_image&quot;:{&quot;url&quot;:&quot;&quot;,&quot;id&quot;:&quot;&quot;,&quot;size&quot;:&quot;&quot;},&quot;_id&quot;:&quot;70086f7&quot;,&quot;jet_parallax_layout_image_tablet&quot;:{&quot;url&quot;:&quot;&quot;,&quot;id&quot;:&quot;&quot;,&quot;size&quot;:&quot;&quot;},&quot;jet_parallax_layout_image_mobile&quot;:{&quot;url&quot;:&quot;&quot;,&quot;id&quot;:&quot;&quot;,&quot;size&quot;:&quot;&quot;},&quot;jet_parallax_layout_speed&quot;:{&quot;unit&quot;:&quot;%&quot;,&quot;size&quot;:50,&quot;sizes&quot;:[]},&quot;jet_parallax_layout_type&quot;:&quot;scroll&quot;,&quot;jet_parallax_layout_direction&quot;:null,&quot;jet_parallax_layout_fx_direction&quot;:null,&quot;jet_parallax_layout_z_index&quot;:&quot;&quot;,&quot;jet_parallax_layout_bg_x&quot;:50,&quot;jet_parallax_layout_bg_x_tablet&quot;:&quot;&quot;,&quot;jet_parallax_layout_bg_x_mobile&quot;:&quot;&quot;,&quot;jet_parallax_layout_bg_y&quot;:50,&quot;jet_parallax_layout_bg_y_tablet&quot;:&quot;&quot;,&quot;jet_parallax_layout_bg_y_mobile&quot;:&quot;&quot;,&quot;jet_parallax_layout_bg_size&quot;:&quot;auto&quot;,&quot;jet_parallax_layout_bg_size_tablet&quot;:&quot;&quot;,&quot;jet_parallax_layout_bg_size_mobile&quot;:&quot;&quot;,&quot;jet_parallax_layout_animation_prop&quot;:&quot;transform&quot;,&quot;jet_parallax_layout_on&quot;:[&quot;desktop&quot;,&quot;tablet&quot;]}]}\">\n\t\t\t\t\t\t<div class=\"elementor-container elementor-column-gap-default\">\n\t\t\t\t\t<div class=\"elementor-column elementor-col-100 elementor-top-column elementor-element elementor-element-a9fb8d0\" data-id=\"a9fb8d0\" data-element_type=\"column\">\n\t\t\t<div class=\"elementor-widget-wrap elementor-element-populated\">\n\t\t\t\t<!-- dce invisible element bc14613 --><!-- dce invisible element f9a42e4 --><!-- dce invisible element 98ec98c --><!-- dce invisible element c3f1b4a --><!-- dce invisible element c567893 --><!-- dce invisible element 3e32937 --><!-- dce invisible element 2ea0b84 --><!-- dce invisible element 807ee43 --><!-- dce invisible element d0b9d47 --><!-- dce invisible element a978f1f -->\t\t<div class=\"elementor-element elementor-element-5762a4d elementor-cta--skin-classic elementor-animated-content elementor-widget elementor-widget-call-to-action\" data-id=\"5762a4d\" data-element_type=\"widget\" data-settings=\"{&quot;enabled_visibility&quot;:&quot;yes&quot;,&quot;dce_visibility_selected&quot;:&quot;yes&quot;}\" data-widget_type=\"call-to-action.default\">\n\t\t\t\t<div class=\"elementor-widget-container\">\n\t\t\t\t\t<a class=\"elementor-cta\" href=\"https:\/\/www.tripaim.com\/?afp=VW5kS2FTdFVUalZDYjFkTVJUaFRkek5vVVdKbWR6MDk\" target=\"_blank\">\n\t\t\t\t\t<div class=\"elementor-cta__bg-wrapper\">\n\t\t\t\t<div class=\"elementor-cta__bg elementor-bg\" style=\"background-image: url(https:\/\/tripaim.com\/blog\/wp-content\/uploads\/2021\/06\/Banner-Blog-Lateral-FLORENCIA-ESP.jpg);\" role=\"img\" aria-label=\"Gu\u00eda tur\u00edstica de Florencia gratis\"><\/div>\n\t\t\t\t<div class=\"elementor-cta__bg-overlay\"><\/div>\n\t\t\t<\/div>\n\t\t\t\t\t\t\t\t\t<div class=\"elementor-ribbon\">\n\t\t\t\t<div class=\"elementor-ribbon-inner\">GRATUITA<\/div>\n\t\t\t<\/div>\n\t\t\t\t<\/a>\n\t\t\t\t<\/div>\n\t\t\t\t<\/div>\n\t\t<!-- dce invisible element a0fdba4 --><!-- dce invisible element e2963f1 --><!-- dce invisible element 4f877ad --><!-- dce invisible element ff4a326 --><!-- dce invisible element 43edb24 --><!-- dce invisible element 575991d --><!-- dce invisible element 820f952 --><!-- dce invisible element 252764e --><!-- dce invisible element 3004cca --><!-- dce invisible element 1456a82 --><!-- dce invisible element 38d7e26 --><!-- dce invisible element 3b39092 --><!-- dce invisible element fa34f04 -->\t\t\t<\/div>\n\t\t<\/div>\n\t\t\t\t\t<\/div>\n\t\t<\/section>\n\t\t\t\t<\/div>\n\t\t<\/aside><aside id=\"elementor-library-18\" class=\"content well push-bottom-large widget widget_elementor-library\"><\/aside><aside id=\"elementor-library-15\" class=\"content well push-bottom-large widget widget_elementor-library\"><\/aside><aside id=\"elementor-library-8\" class=\"content well push-bottom-large widget widget_elementor-library\">\t\t<div data-elementor-type=\"page\" data-elementor-id=\"11129\" class=\"elementor elementor-11129\" data-elementor-post-type=\"elementor_library\">\n\t\t\t\t\t\t<section class=\"elementor-section elementor-top-section elementor-element elementor-element-ed4522f elementor-section-boxed elementor-section-height-default elementor-section-height-default\" data-id=\"ed4522f\" data-element_type=\"section\" data-settings=\"{&quot;jet_parallax_layout_list&quot;:[]}\">\n\t\t\t\t\t\t<div class=\"elementor-container elementor-column-gap-default\">\n\t\t\t\t\t<div class=\"elementor-column elementor-col-100 elementor-top-column elementor-element elementor-element-0435b74\" data-id=\"0435b74\" data-element_type=\"column\">\n\t\t\t<div class=\"elementor-widget-wrap elementor-element-populated\">\n\t\t\t\t\t\t<div class=\"elementor-element elementor-element-1b3dc16 elementor-widget elementor-widget-html\" data-id=\"1b3dc16\" data-element_type=\"widget\" data-widget_type=\"html.default\">\n\t\t\t\t<div class=\"elementor-widget-container\">\n\t\t\t<h2>Suscr\u00edbete a la Newsletter<\/h2>\r\n<p>\r\n  <label>\r\n      <input type=\"email\" name=\"EMAIL\" placeholder=\"Tu direcci\u00f3n de correo electr\u00f3nico\" required \/>\r\n  <\/label>\r\n<\/p>\r\n<p>\r\n\r\n    <select name=\"MERGE2\" required=\"\">\r\n        <option value=\"Solo destino\" selected=\"true\">Suscribirme a este destino<\/option>\r\n        <option value=\"Todo el Blog\" >Suscribirme a todo el blog<\/option>\r\n    <\/select>\r\n<\/p>\r\n<br>\r\n<input type=\"text\" name=\"MERGE6\" value=\"{current_path}\" id=\"mc4wp-category-input\" style=\"display:none\">\r\n<input type=\"text\" name=\"MERGE1\" value=\"{language}\" id=\"mc4wp-language-input\" style=\"display:none\">\r\n<p>\r\n  <input type=\"submit\" value=\"Suscribirme\" \/>\r\n<\/p>\t\t<\/div>\n\t\t\t\t<\/div>\n\t\t\t\t\t<\/div>\n\t\t<\/div>\n\t\t\t\t\t<\/div>\n\t\t<\/section>\n\t\t\t\t<section class=\"elementor-section elementor-top-section elementor-element elementor-element-496ff8d elementor-section-boxed elementor-section-height-default elementor-section-height-default\" data-id=\"496ff8d\" data-element_type=\"section\" data-settings=\"{&quot;jet_parallax_layout_list&quot;:[{&quot;jet_parallax_layout_image&quot;:{&quot;url&quot;:&quot;&quot;,&quot;id&quot;:&quot;&quot;,&quot;size&quot;:&quot;&quot;},&quot;_id&quot;:&quot;70086f7&quot;,&quot;jet_parallax_layout_image_tablet&quot;:{&quot;url&quot;:&quot;&quot;,&quot;id&quot;:&quot;&quot;,&quot;size&quot;:&quot;&quot;},&quot;jet_parallax_layout_image_mobile&quot;:{&quot;url&quot;:&quot;&quot;,&quot;id&quot;:&quot;&quot;,&quot;size&quot;:&quot;&quot;},&quot;jet_parallax_layout_speed&quot;:{&quot;unit&quot;:&quot;%&quot;,&quot;size&quot;:50,&quot;sizes&quot;:[]},&quot;jet_parallax_layout_type&quot;:&quot;scroll&quot;,&quot;jet_parallax_layout_direction&quot;:null,&quot;jet_parallax_layout_fx_direction&quot;:null,&quot;jet_parallax_layout_z_index&quot;:&quot;&quot;,&quot;jet_parallax_layout_bg_x&quot;:50,&quot;jet_parallax_layout_bg_x_tablet&quot;:&quot;&quot;,&quot;jet_parallax_layout_bg_x_mobile&quot;:&quot;&quot;,&quot;jet_parallax_layout_bg_y&quot;:50,&quot;jet_parallax_layout_bg_y_tablet&quot;:&quot;&quot;,&quot;jet_parallax_layout_bg_y_mobile&quot;:&quot;&quot;,&quot;jet_parallax_layout_bg_size&quot;:&quot;auto&quot;,&quot;jet_parallax_layout_bg_size_tablet&quot;:&quot;&quot;,&quot;jet_parallax_layout_bg_size_mobile&quot;:&quot;&quot;,&quot;jet_parallax_layout_animation_prop&quot;:&quot;transform&quot;,&quot;jet_parallax_layout_on&quot;:[&quot;desktop&quot;,&quot;tablet&quot;]}]}\">\n\t\t\t\t\t\t<div class=\"elementor-container elementor-column-gap-default\">\n\t\t\t\t\t<div class=\"elementor-column elementor-col-100 elementor-top-column elementor-element elementor-element-11ed92a\" data-id=\"11ed92a\" data-element_type=\"column\">\n\t\t\t<div class=\"elementor-widget-wrap elementor-element-populated\">\n\t\t\t\t\t\t\t<\/div>\n\t\t<\/div>\n\t\t\t\t\t<\/div>\n\t\t<\/section>\n\t\t\t\t<\/div>\n\t\t<\/aside><aside id=\"elementor-library-7\" class=\"content well push-bottom-large widget widget_elementor-library\"><\/aside><aside id=\"tag_cloud-2\" class=\"content well push-bottom-large widget widget_tag_cloud\"><h5 class=\"section-nav-title\">Etiquetas<\/h5><div class=\"tagcloud\"><a href=\"https:\/\/tripaim.com\/blog\/tag\/alemania\/\" class=\"tag-cloud-link tag-link-254 tag-link-position-1\" style=\"font-size: 15.182608695652pt;\" aria-label=\"Alemania (29 elementos)\">Alemania<\/a>\n<a href=\"https:\/\/tripaim.com\/blog\/tag\/america\/\" class=\"tag-cloud-link tag-link-36 tag-link-position-2\" style=\"font-size: 15.486956521739pt;\" aria-label=\"Am\u00e9rica (33 elementos)\">Am\u00e9rica<\/a>\n<a href=\"https:\/\/tripaim.com\/blog\/tag\/argentina\/\" class=\"tag-cloud-link tag-link-133 tag-link-position-3\" style=\"font-size: 13.660869565217pt;\" aria-label=\"Argentina (16 elementos)\">Argentina<\/a>\n<a href=\"https:\/\/tripaim.com\/blog\/tag\/asia\/\" class=\"tag-cloud-link tag-link-37 tag-link-position-4\" style=\"font-size: 11.347826086957pt;\" aria-label=\"Asia (6 elementos)\">Asia<\/a>\n<a href=\"https:\/\/tripaim.com\/blog\/tag\/austria\/\" class=\"tag-cloud-link tag-link-237 tag-link-position-5\" style=\"font-size: 12.747826086957pt;\" aria-label=\"Austria (11 elementos)\">Austria<\/a>\n<a href=\"https:\/\/tripaim.com\/blog\/tag\/bielorrusia\/\" class=\"tag-cloud-link tag-link-349 tag-link-position-6\" style=\"font-size: 9.8260869565217pt;\" aria-label=\"Bielorrusia (3 elementos)\">Bielorrusia<\/a>\n<a href=\"https:\/\/tripaim.com\/blog\/tag\/brasil\/\" class=\"tag-cloud-link tag-link-280 tag-link-position-7\" style=\"font-size: 8pt;\" aria-label=\"Brasil (1 elemento)\">Brasil<\/a>\n<a href=\"https:\/\/tripaim.com\/blog\/tag\/belgica\/\" class=\"tag-cloud-link tag-link-270 tag-link-position-8\" style=\"font-size: 12.504347826087pt;\" aria-label=\"B\u00e9lgica (10 elementos)\">B\u00e9lgica<\/a>\n<a href=\"https:\/\/tripaim.com\/blog\/tag\/canada\/\" class=\"tag-cloud-link tag-link-343 tag-link-position-9\" style=\"font-size: 9.8260869565217pt;\" aria-label=\"Canad\u00e1 (3 elementos)\">Canad\u00e1<\/a>\n<a href=\"https:\/\/tripaim.com\/blog\/tag\/chile\/\" class=\"tag-cloud-link tag-link-302 tag-link-position-10\" style=\"font-size: 10.434782608696pt;\" aria-label=\"Chile (4 elementos)\">Chile<\/a>\n<a href=\"https:\/\/tripaim.com\/blog\/tag\/croacia\/\" class=\"tag-cloud-link tag-link-113 tag-link-position-11\" style=\"font-size: 11.95652173913pt;\" aria-label=\"Croacia (8 elementos)\">Croacia<\/a>\n<a href=\"https:\/\/tripaim.com\/blog\/tag\/cuba\/\" class=\"tag-cloud-link tag-link-97 tag-link-position-12\" style=\"font-size: 10.921739130435pt;\" aria-label=\"Cuba (5 elementos)\">Cuba<\/a>\n<a href=\"https:\/\/tripaim.com\/blog\/tag\/dinamarca\/\" class=\"tag-cloud-link tag-link-327 tag-link-position-13\" style=\"font-size: 12.930434782609pt;\" aria-label=\"Dinamarca (12 elementos)\">Dinamarca<\/a>\n<a href=\"https:\/\/tripaim.com\/blog\/tag\/egipto\/\" class=\"tag-cloud-link tag-link-313 tag-link-position-14\" style=\"font-size: 8pt;\" aria-label=\"Egipto (1 elemento)\">Egipto<\/a>\n<a href=\"https:\/\/tripaim.com\/blog\/tag\/escocia\/\" class=\"tag-cloud-link tag-link-381 tag-link-position-15\" style=\"font-size: 10.434782608696pt;\" aria-label=\"Escocia (4 elementos)\">Escocia<\/a>\n<a href=\"https:\/\/tripaim.com\/blog\/tag\/eslovaquia\/\" class=\"tag-cloud-link tag-link-492 tag-link-position-16\" style=\"font-size: 11.347826086957pt;\" aria-label=\"Eslovaquia (6 elementos)\">Eslovaquia<\/a>\n<a href=\"https:\/\/tripaim.com\/blog\/tag\/eslovenia\/\" class=\"tag-cloud-link tag-link-387 tag-link-position-17\" style=\"font-size: 11.347826086957pt;\" aria-label=\"Eslovenia (6 elementos)\">Eslovenia<\/a>\n<a href=\"https:\/\/tripaim.com\/blog\/tag\/espana\/\" class=\"tag-cloud-link tag-link-35 tag-link-position-18\" style=\"font-size: 18.04347826087pt;\" aria-label=\"Espa\u00f1a (89 elementos)\">Espa\u00f1a<\/a>\n<a href=\"https:\/\/tripaim.com\/blog\/tag\/estonia\/\" class=\"tag-cloud-link tag-link-337 tag-link-position-19\" style=\"font-size: 12.747826086957pt;\" aria-label=\"Estonia (11 elementos)\">Estonia<\/a>\n<a href=\"https:\/\/tripaim.com\/blog\/tag\/europa\/\" class=\"tag-cloud-link tag-link-34 tag-link-position-20\" style=\"font-size: 22pt;\" aria-label=\"Europa (396 elementos)\">Europa<\/a>\n<a href=\"https:\/\/tripaim.com\/blog\/tag\/filipinas\/\" class=\"tag-cloud-link tag-link-262 tag-link-position-21\" style=\"font-size: 8pt;\" aria-label=\"Filipinas (1 elemento)\">Filipinas<\/a>\n<a href=\"https:\/\/tripaim.com\/blog\/tag\/francia\/\" class=\"tag-cloud-link tag-link-69 tag-link-position-22\" style=\"font-size: 14.75652173913pt;\" aria-label=\"Francia (25 elementos)\">Francia<\/a>\n<a href=\"https:\/\/tripaim.com\/blog\/tag\/global\/\" class=\"tag-cloud-link tag-link-429 tag-link-position-23\" style=\"font-size: 9.095652173913pt;\" aria-label=\"Global (2 elementos)\">Global<\/a>\n<a href=\"https:\/\/tripaim.com\/blog\/tag\/grecia\/\" class=\"tag-cloud-link tag-link-90 tag-link-position-24\" style=\"font-size: 14.330434782609pt;\" aria-label=\"Grecia (21 elementos)\">Grecia<\/a>\n<a href=\"https:\/\/tripaim.com\/blog\/tag\/hungria\/\" class=\"tag-cloud-link tag-link-191 tag-link-position-25\" style=\"font-size: 14.573913043478pt;\" aria-label=\"Hungria (23 elementos)\">Hungria<\/a>\n<a href=\"https:\/\/tripaim.com\/blog\/tag\/irlanda\/\" class=\"tag-cloud-link tag-link-319 tag-link-position-26\" style=\"font-size: 8pt;\" aria-label=\"Irlanda (1 elemento)\">Irlanda<\/a>\n<a href=\"https:\/\/tripaim.com\/blog\/tag\/israel\/\" class=\"tag-cloud-link tag-link-153 tag-link-position-27\" style=\"font-size: 8pt;\" aria-label=\"Israel (1 elemento)\">Israel<\/a>\n<a href=\"https:\/\/tripaim.com\/blog\/tag\/italia\/\" class=\"tag-cloud-link tag-link-106 tag-link-position-28\" style=\"font-size: 17.495652173913pt;\" aria-label=\"Italia (71 elementos)\">Italia<\/a>\n<a href=\"https:\/\/tripaim.com\/blog\/tag\/italia-en\/\" class=\"tag-cloud-link tag-link-553 tag-link-position-29\" style=\"font-size: 15.060869565217pt;\" aria-label=\"Italy (28 elementos)\">Italy<\/a>\n<a href=\"https:\/\/tripaim.com\/blog\/tag\/italy-en\/\" class=\"tag-cloud-link tag-link-396 tag-link-position-30\" style=\"font-size: 8pt;\" aria-label=\"Italy (1 elemento)\">Italy<\/a>\n<a href=\"https:\/\/tripaim.com\/blog\/tag\/letonia\/\" class=\"tag-cloud-link tag-link-400 tag-link-position-31\" style=\"font-size: 9.8260869565217pt;\" aria-label=\"Letonia (3 elementos)\">Letonia<\/a>\n<a href=\"https:\/\/tripaim.com\/blog\/tag\/marruecos\/\" class=\"tag-cloud-link tag-link-393 tag-link-position-32\" style=\"font-size: 10.434782608696pt;\" aria-label=\"Marruecos (4 elementos)\">Marruecos<\/a>\n<a href=\"https:\/\/tripaim.com\/blog\/tag\/montevideo\/\" class=\"tag-cloud-link tag-link-431 tag-link-position-33\" style=\"font-size: 8pt;\" aria-label=\"Montevideo (1 elemento)\">Montevideo<\/a>\n<a href=\"https:\/\/tripaim.com\/blog\/tag\/noruega\/\" class=\"tag-cloud-link tag-link-477 tag-link-position-34\" style=\"font-size: 11.652173913043pt;\" aria-label=\"Noruega (7 elementos)\">Noruega<\/a>\n<a href=\"https:\/\/tripaim.com\/blog\/tag\/paises-bajos\/\" class=\"tag-cloud-link tag-link-121 tag-link-position-35\" style=\"font-size: 14.75652173913pt;\" aria-label=\"Pa\u00edses Bajos (25 elementos)\">Pa\u00edses Bajos<\/a>\n<a href=\"https:\/\/tripaim.com\/blog\/tag\/peru\/\" class=\"tag-cloud-link tag-link-167 tag-link-position-36\" style=\"font-size: 9.095652173913pt;\" aria-label=\"Per\u00fa (2 elementos)\">Per\u00fa<\/a>\n<a href=\"https:\/\/tripaim.com\/blog\/tag\/portugal\/\" class=\"tag-cloud-link tag-link-184 tag-link-position-37\" style=\"font-size: 13.84347826087pt;\" aria-label=\"Portugal (17 elementos)\">Portugal<\/a>\n<a href=\"https:\/\/tripaim.com\/blog\/tag\/reino-unido\/\" class=\"tag-cloud-link tag-link-178 tag-link-position-38\" style=\"font-size: 12.930434782609pt;\" aria-label=\"Reino Unido (12 elementos)\">Reino Unido<\/a>\n<a href=\"https:\/\/tripaim.com\/blog\/tag\/republica-checa\/\" class=\"tag-cloud-link tag-link-197 tag-link-position-39\" style=\"font-size: 13.173913043478pt;\" aria-label=\"Rep\u00fablica Checa (13 elementos)\">Rep\u00fablica Checa<\/a>\n<a href=\"https:\/\/tripaim.com\/blog\/tag\/suiza\/\" class=\"tag-cloud-link tag-link-406 tag-link-position-40\" style=\"font-size: 11.347826086957pt;\" aria-label=\"Suiza (6 elementos)\">Suiza<\/a>\n<a href=\"https:\/\/tripaim.com\/blog\/tag\/tailandia\/\" class=\"tag-cloud-link tag-link-248 tag-link-position-41\" style=\"font-size: 10.434782608696pt;\" aria-label=\"Tailandia (4 elementos)\">Tailandia<\/a>\n<a href=\"https:\/\/tripaim.com\/blog\/tag\/turquia\/\" class=\"tag-cloud-link tag-link-147 tag-link-position-42\" style=\"font-size: 15pt;\" aria-label=\"Turqu\u00eda (27 elementos)\">Turqu\u00eda<\/a>\n<a href=\"https:\/\/tripaim.com\/blog\/tag\/uruguay\/\" class=\"tag-cloud-link tag-link-417 tag-link-position-43\" style=\"font-size: 10.434782608696pt;\" aria-label=\"Uruguay (4 elementos)\">Uruguay<\/a>\n<a href=\"https:\/\/tripaim.com\/blog\/tag\/africa\/\" class=\"tag-cloud-link tag-link-39 tag-link-position-44\" style=\"font-size: 10.921739130435pt;\" aria-label=\"\u00c1frica (5 elementos)\">\u00c1frica<\/a><\/div>\n<\/aside>\t\t<\/div>\n\t\t\t\t<\/div>\n\t\t\t\t\t<\/div>\n\t\t<\/div>\n\t\t\t\t\t<\/div>\n\t\t<\/section>\n\t\t\t\t<section class=\"elementor-section elementor-top-section elementor-element elementor-element-4a7fa7be elementor-section-boxed elementor-section-height-default elementor-section-height-default\" data-id=\"4a7fa7be\" data-element_type=\"section\" data-settings=\"{&quot;jet_parallax_layout_list&quot;:[{&quot;jet_parallax_layout_image&quot;:{&quot;url&quot;:&quot;&quot;,&quot;id&quot;:&quot;&quot;,&quot;size&quot;:&quot;&quot;},&quot;_id&quot;:&quot;2937b09&quot;,&quot;jet_parallax_layout_image_tablet&quot;:{&quot;url&quot;:&quot;&quot;,&quot;id&quot;:&quot;&quot;,&quot;size&quot;:&quot;&quot;},&quot;jet_parallax_layout_image_mobile&quot;:{&quot;url&quot;:&quot;&quot;,&quot;id&quot;:&quot;&quot;,&quot;size&quot;:&quot;&quot;},&quot;jet_parallax_layout_speed&quot;:{&quot;unit&quot;:&quot;%&quot;,&quot;size&quot;:50,&quot;sizes&quot;:[]},&quot;jet_parallax_layout_type&quot;:&quot;scroll&quot;,&quot;jet_parallax_layout_direction&quot;:null,&quot;jet_parallax_layout_fx_direction&quot;:null,&quot;jet_parallax_layout_z_index&quot;:&quot;&quot;,&quot;jet_parallax_layout_bg_x&quot;:50,&quot;jet_parallax_layout_bg_x_tablet&quot;:&quot;&quot;,&quot;jet_parallax_layout_bg_x_mobile&quot;:&quot;&quot;,&quot;jet_parallax_layout_bg_y&quot;:50,&quot;jet_parallax_layout_bg_y_tablet&quot;:&quot;&quot;,&quot;jet_parallax_layout_bg_y_mobile&quot;:&quot;&quot;,&quot;jet_parallax_layout_bg_size&quot;:&quot;auto&quot;,&quot;jet_parallax_layout_bg_size_tablet&quot;:&quot;&quot;,&quot;jet_parallax_layout_bg_size_mobile&quot;:&quot;&quot;,&quot;jet_parallax_layout_animation_prop&quot;:&quot;transform&quot;,&quot;jet_parallax_layout_on&quot;:[&quot;desktop&quot;,&quot;tablet&quot;]}]}\">\n\t\t\t\t\t\t<div class=\"elementor-container elementor-column-gap-default\">\n\t\t\t\t\t<div class=\"elementor-column elementor-col-100 elementor-top-column elementor-element elementor-element-9f94986\" data-id=\"9f94986\" data-element_type=\"column\">\n\t\t\t<div class=\"elementor-widget-wrap elementor-element-populated\">\n\t\t\t\t\t\t<div class=\"elementor-element elementor-element-65bda657 elementor-post-navigation-borders-yes elementor-widget elementor-widget-post-navigation\" data-id=\"65bda657\" data-element_type=\"widget\" data-widget_type=\"post-navigation.default\">\n\t\t\t\t<div class=\"elementor-widget-container\">\n\t\t\t\t\t<div class=\"elementor-post-navigation\">\n\t\t\t<div class=\"elementor-post-navigation__prev elementor-post-navigation__link\">\n\t\t\t\t<a href=\"https:\/\/tripaim.com\/blog\/florencia\/florencia\/\" rel=\"prev\"><span class=\"post-navigation__arrow-wrapper post-navigation__arrow-prev\"><i class=\"fa fa-arrow-circle-left\" aria-hidden=\"true\"><\/i><span class=\"elementor-screen-only\">Ant<\/span><\/span><span class=\"elementor-post-navigation__link__prev\"><span class=\"post-navigation__prev--label\">Post Anterior<\/span><span class=\"post-navigation__prev--title\">Florencia<\/span><\/span><\/a>\t\t\t<\/div>\n\t\t\t\t\t\t\t<div class=\"elementor-post-navigation__separator-wrapper\">\n\t\t\t\t\t<div class=\"elementor-post-navigation__separator\"><\/div>\n\t\t\t\t<\/div>\n\t\t\t\t\t\t<div class=\"elementor-post-navigation__next elementor-post-navigation__link\">\n\t\t\t\t<a href=\"https:\/\/tripaim.com\/blog\/roma\/columna-de-trajano\/\" rel=\"next\"><span class=\"elementor-post-navigation__link__next\"><span class=\"post-navigation__next--label\">Post Siguiente<\/span><span class=\"post-navigation__next--title\">Columna de Trajano<\/span><\/span><span class=\"post-navigation__arrow-wrapper post-navigation__arrow-next\"><i class=\"fa fa-arrow-circle-right\" aria-hidden=\"true\"><\/i><span class=\"elementor-screen-only\">Siguiente<\/span><\/span><\/a>\t\t\t<\/div>\n\t\t<\/div>\n\t\t\t\t<\/div>\n\t\t\t\t<\/div>\n\t\t\t\t\t<\/div>\n\t\t<\/div>\n\t\t\t\t\t<\/div>\n\t\t<\/section>\n\t\t\t\t<section class=\"elementor-section elementor-top-section elementor-element elementor-element-2494fe4c elementor-section-boxed elementor-section-height-default elementor-section-height-default\" data-id=\"2494fe4c\" data-element_type=\"section\" data-settings=\"{&quot;jet_parallax_layout_list&quot;:[{&quot;jet_parallax_layout_image&quot;:{&quot;url&quot;:&quot;&quot;,&quot;id&quot;:&quot;&quot;,&quot;size&quot;:&quot;&quot;},&quot;_id&quot;:&quot;2937b09&quot;,&quot;jet_parallax_layout_image_tablet&quot;:{&quot;url&quot;:&quot;&quot;,&quot;id&quot;:&quot;&quot;,&quot;size&quot;:&quot;&quot;},&quot;jet_parallax_layout_image_mobile&quot;:{&quot;url&quot;:&quot;&quot;,&quot;id&quot;:&quot;&quot;,&quot;size&quot;:&quot;&quot;},&quot;jet_parallax_layout_speed&quot;:{&quot;unit&quot;:&quot;%&quot;,&quot;size&quot;:50,&quot;sizes&quot;:[]},&quot;jet_parallax_layout_type&quot;:&quot;scroll&quot;,&quot;jet_parallax_layout_direction&quot;:null,&quot;jet_parallax_layout_fx_direction&quot;:null,&quot;jet_parallax_layout_z_index&quot;:&quot;&quot;,&quot;jet_parallax_layout_bg_x&quot;:50,&quot;jet_parallax_layout_bg_x_tablet&quot;:&quot;&quot;,&quot;jet_parallax_layout_bg_x_mobile&quot;:&quot;&quot;,&quot;jet_parallax_layout_bg_y&quot;:50,&quot;jet_parallax_layout_bg_y_tablet&quot;:&quot;&quot;,&quot;jet_parallax_layout_bg_y_mobile&quot;:&quot;&quot;,&quot;jet_parallax_layout_bg_size&quot;:&quot;auto&quot;,&quot;jet_parallax_layout_bg_size_tablet&quot;:&quot;&quot;,&quot;jet_parallax_layout_bg_size_mobile&quot;:&quot;&quot;,&quot;jet_parallax_layout_animation_prop&quot;:&quot;transform&quot;,&quot;jet_parallax_layout_on&quot;:[&quot;desktop&quot;,&quot;tablet&quot;]}]}\">\n\t\t\t\t\t\t<div class=\"elementor-container elementor-column-gap-default\">\n\t\t\t\t\t<div class=\"elementor-column elementor-col-100 elementor-top-column elementor-element elementor-element-13b00aea\" data-id=\"13b00aea\" data-element_type=\"column\">\n\t\t\t<div class=\"elementor-widget-wrap elementor-element-populated\">\n\t\t\t\t\t\t<div class=\"elementor-element elementor-element-4a5ea322 elementor-widget__width-auto elementor-share-buttons--view-icon elementor-share-buttons--skin-boxed elementor-share-buttons--shape-circle elementor-share-buttons--align-left elementor-grid-0 elementor-share-buttons--color-official elementor-widget elementor-widget-share-buttons\" data-id=\"4a5ea322\" data-element_type=\"widget\" data-widget_type=\"share-buttons.default\">\n\t\t\t\t<div class=\"elementor-widget-container\">\n\t\t\t\t\t<div class=\"elementor-grid\">\n\t\t\t\t\t\t\t\t<div class=\"elementor-grid-item\">\n\t\t\t\t\t\t<div\n\t\t\t\t\t\t\tclass=\"elementor-share-btn elementor-share-btn_facebook\"\n\t\t\t\t\t\t\trole=\"button\"\n\t\t\t\t\t\t\ttabindex=\"0\"\n\t\t\t\t\t\t\taria-label=\"Compartir en facebook\"\n\t\t\t\t\t\t>\n\t\t\t\t\t\t\t\t\t\t\t\t\t\t\t<span class=\"elementor-share-btn__icon\">\n\t\t\t\t\t\t\t\t<i class=\"fab fa-facebook\" aria-hidden=\"true\"><\/i>\t\t\t\t\t\t\t<\/span>\n\t\t\t\t\t\t\t\t\t\t\t\t\t\t\t\t\t\t\t\t<\/div>\n\t\t\t\t\t<\/div>\n\t\t\t\t\t\t\t\t\t<div class=\"elementor-grid-item\">\n\t\t\t\t\t\t<div\n\t\t\t\t\t\t\tclass=\"elementor-share-btn elementor-share-btn_twitter\"\n\t\t\t\t\t\t\trole=\"button\"\n\t\t\t\t\t\t\ttabindex=\"0\"\n\t\t\t\t\t\t\taria-label=\"Compartir en twitter\"\n\t\t\t\t\t\t>\n\t\t\t\t\t\t\t\t\t\t\t\t\t\t\t<span class=\"elementor-share-btn__icon\">\n\t\t\t\t\t\t\t\t<i class=\"fab fa-twitter\" aria-hidden=\"true\"><\/i>\t\t\t\t\t\t\t<\/span>\n\t\t\t\t\t\t\t\t\t\t\t\t\t\t\t\t\t\t\t\t<\/div>\n\t\t\t\t\t<\/div>\n\t\t\t\t\t\t\t\t\t<div class=\"elementor-grid-item\">\n\t\t\t\t\t\t<div\n\t\t\t\t\t\t\tclass=\"elementor-share-btn elementor-share-btn_whatsapp\"\n\t\t\t\t\t\t\trole=\"button\"\n\t\t\t\t\t\t\ttabindex=\"0\"\n\t\t\t\t\t\t\taria-label=\"Compartir en whatsapp\"\n\t\t\t\t\t\t>\n\t\t\t\t\t\t\t\t\t\t\t\t\t\t\t<span class=\"elementor-share-btn__icon\">\n\t\t\t\t\t\t\t\t<i class=\"fab fa-whatsapp\" aria-hidden=\"true\"><\/i>\t\t\t\t\t\t\t<\/span>\n\t\t\t\t\t\t\t\t\t\t\t\t\t\t\t\t\t\t\t\t<\/div>\n\t\t\t\t\t<\/div>\n\t\t\t\t\t\t\t\t\t<div class=\"elementor-grid-item\">\n\t\t\t\t\t\t<div\n\t\t\t\t\t\t\tclass=\"elementor-share-btn elementor-share-btn_email\"\n\t\t\t\t\t\t\trole=\"button\"\n\t\t\t\t\t\t\ttabindex=\"0\"\n\t\t\t\t\t\t\taria-label=\"Compartir en email\"\n\t\t\t\t\t\t>\n\t\t\t\t\t\t\t\t\t\t\t\t\t\t\t<span class=\"elementor-share-btn__icon\">\n\t\t\t\t\t\t\t\t<i class=\"fas fa-envelope\" aria-hidden=\"true\"><\/i>\t\t\t\t\t\t\t<\/span>\n\t\t\t\t\t\t\t\t\t\t\t\t\t\t\t\t\t\t\t\t<\/div>\n\t\t\t\t\t<\/div>\n\t\t\t\t\t\t<\/div>\n\t\t\t\t<\/div>\n\t\t\t\t<\/div>\n\t\t\t\t\t<\/div>\n\t\t<\/div>\n\t\t\t\t\t<\/div>\n\t\t<\/section>\n\t\t\t\t<section class=\"elementor-section elementor-top-section elementor-element elementor-element-42b7a3d elementor-section-boxed elementor-section-height-default elementor-section-height-default\" data-id=\"42b7a3d\" data-element_type=\"section\" id=\"fotonoticias\" data-settings=\"{&quot;jet_parallax_layout_list&quot;:[{&quot;jet_parallax_layout_image&quot;:{&quot;url&quot;:&quot;&quot;,&quot;id&quot;:&quot;&quot;,&quot;size&quot;:&quot;&quot;},&quot;_id&quot;:&quot;b06c42c&quot;,&quot;jet_parallax_layout_image_tablet&quot;:{&quot;url&quot;:&quot;&quot;,&quot;id&quot;:&quot;&quot;,&quot;size&quot;:&quot;&quot;},&quot;jet_parallax_layout_image_mobile&quot;:{&quot;url&quot;:&quot;&quot;,&quot;id&quot;:&quot;&quot;,&quot;size&quot;:&quot;&quot;},&quot;jet_parallax_layout_speed&quot;:{&quot;unit&quot;:&quot;%&quot;,&quot;size&quot;:50,&quot;sizes&quot;:[]},&quot;jet_parallax_layout_type&quot;:&quot;scroll&quot;,&quot;jet_parallax_layout_direction&quot;:null,&quot;jet_parallax_layout_fx_direction&quot;:null,&quot;jet_parallax_layout_z_index&quot;:&quot;&quot;,&quot;jet_parallax_layout_bg_x&quot;:50,&quot;jet_parallax_layout_bg_x_tablet&quot;:&quot;&quot;,&quot;jet_parallax_layout_bg_x_mobile&quot;:&quot;&quot;,&quot;jet_parallax_layout_bg_y&quot;:50,&quot;jet_parallax_layout_bg_y_tablet&quot;:&quot;&quot;,&quot;jet_parallax_layout_bg_y_mobile&quot;:&quot;&quot;,&quot;jet_parallax_layout_bg_size&quot;:&quot;auto&quot;,&quot;jet_parallax_layout_bg_size_tablet&quot;:&quot;&quot;,&quot;jet_parallax_layout_bg_size_mobile&quot;:&quot;&quot;,&quot;jet_parallax_layout_animation_prop&quot;:&quot;transform&quot;,&quot;jet_parallax_layout_on&quot;:[&quot;desktop&quot;,&quot;tablet&quot;]}]}\">\n\t\t\t\t\t\t<div class=\"elementor-container elementor-column-gap-default\">\n\t\t\t\t\t<div class=\"elementor-column elementor-col-100 elementor-top-column elementor-element elementor-element-1f025685\" data-id=\"1f025685\" data-element_type=\"column\">\n\t\t\t<div class=\"elementor-widget-wrap elementor-element-populated\">\n\t\t\t\t\t\t<div class=\"elementor-element elementor-element-7c86ef65 elementor-widget elementor-widget-heading\" data-id=\"7c86ef65\" data-element_type=\"widget\" data-widget_type=\"heading.default\">\n\t\t\t\t<div class=\"elementor-widget-container\">\n\t\t\t<h2 class=\"elementor-heading-title elementor-size-default\">Foto noticias<\/h2>\t\t<\/div>\n\t\t\t\t<\/div>\n\t\t\t\t<div class=\"elementor-element elementor-element-4d4cfb22 elementor-grid-4 elementor-grid-tablet-2 elementor-grid-mobile-1 elementor-widget elementor-widget-portfolio\" data-id=\"4d4cfb22\" data-element_type=\"widget\" data-settings=\"{&quot;columns&quot;:&quot;4&quot;,&quot;item_ratio&quot;:{&quot;unit&quot;:&quot;px&quot;,&quot;size&quot;:0.429999999999999993338661852249060757458209991455078125,&quot;sizes&quot;:[]},&quot;row_gap&quot;:{&quot;unit&quot;:&quot;px&quot;,&quot;size&quot;:6,&quot;sizes&quot;:[]},&quot;columns_tablet&quot;:&quot;2&quot;,&quot;columns_mobile&quot;:&quot;1&quot;,&quot;item_gap&quot;:{&quot;unit&quot;:&quot;px&quot;,&quot;size&quot;:&quot;&quot;,&quot;sizes&quot;:[]}}\" data-widget_type=\"portfolio.default\">\n\t\t\t\t<div class=\"elementor-widget-container\">\n\t\t\t\t\t<div class=\"elementor-portfolio elementor-grid elementor-posts-container\">\n\t\t\t\t<article class=\"elementor-portfolio-item elementor-post elementor-filter-34 elementor-filter-90 post-25284 post type-post status-publish format-standard has-post-thumbnail hentry category-atenas category-lo-que-no-te-puedes-perder-atenas tag-europa tag-grecia\">\n\t\t\t<a class=\"elementor-post__thumbnail__link\" href=\"https:\/\/tripaim.com\/blog\/atenas\/atenas\/\">\n\t\t\t\t<div class=\"elementor-portfolio-item__img elementor-post__thumbnail\">\n\t\t\t<img loading=\"lazy\" decoding=\"async\" width=\"1024\" height=\"373\" src=\"https:\/\/tripaim.com\/blog\/wp-content\/uploads\/2023\/04\/Atenas-1024x373.jpg\" class=\"attachment-large size-large wp-image-25286\" alt=\"Visitar Atenas\" srcset=\"https:\/\/tripaim.com\/blog\/wp-content\/uploads\/2023\/04\/Atenas-1024x373.jpg 1024w, https:\/\/tripaim.com\/blog\/wp-content\/uploads\/2023\/04\/Atenas-300x109.jpg 300w, https:\/\/tripaim.com\/blog\/wp-content\/uploads\/2023\/04\/Atenas-768x280.jpg 768w, https:\/\/tripaim.com\/blog\/wp-content\/uploads\/2023\/04\/Atenas-1536x560.jpg 1536w, https:\/\/tripaim.com\/blog\/wp-content\/uploads\/2023\/04\/Atenas.jpg 1920w\" sizes=\"(max-width: 1024px) 100vw, 1024px\" \/>\t\t<\/div>\n\t\t\t\t<div class=\"elementor-portfolio-item__overlay\">\n\t\t\t\t<h3 class=\"elementor-portfolio-item__title\">\n\t\tAtenas\t\t<\/h3>\n\t\t\t\t<\/div>\n\t\t\t\t<\/a>\n\t\t<\/article>\n\t\t\t\t<article class=\"elementor-portfolio-item elementor-post elementor-filter-34 elementor-filter-69 post-32258 post type-post status-publish format-standard has-post-thumbnail hentry category-paris category-costumbres-y-tradiciones-2 tag-europa tag-francia\">\n\t\t\t<a class=\"elementor-post__thumbnail__link\" href=\"https:\/\/tripaim.com\/blog\/paris\/navidad-en-paris\/\">\n\t\t\t\t<div class=\"elementor-portfolio-item__img elementor-post__thumbnail\">\n\t\t\t<img loading=\"lazy\" decoding=\"async\" width=\"1024\" height=\"373\" src=\"https:\/\/tripaim.com\/blog\/wp-content\/uploads\/2024\/11\/Navidad-en-Paris-1024x373.jpg\" class=\"attachment-large size-large wp-image-32260\" alt=\"Que ver y hacer en navidad en Par\u00eds\" srcset=\"https:\/\/tripaim.com\/blog\/wp-content\/uploads\/2024\/11\/Navidad-en-Paris-1024x373.jpg 1024w, https:\/\/tripaim.com\/blog\/wp-content\/uploads\/2024\/11\/Navidad-en-Paris-300x109.jpg 300w, https:\/\/tripaim.com\/blog\/wp-content\/uploads\/2024\/11\/Navidad-en-Paris-768x280.jpg 768w, https:\/\/tripaim.com\/blog\/wp-content\/uploads\/2024\/11\/Navidad-en-Paris-1536x560.jpg 1536w, https:\/\/tripaim.com\/blog\/wp-content\/uploads\/2024\/11\/Navidad-en-Paris.jpg 1920w\" sizes=\"(max-width: 1024px) 100vw, 1024px\" \/>\t\t<\/div>\n\t\t\t\t<div class=\"elementor-portfolio-item__overlay\">\n\t\t\t\t<h3 class=\"elementor-portfolio-item__title\">\n\t\tNavidad en Par\u00eds\t\t<\/h3>\n\t\t\t\t<\/div>\n\t\t\t\t<\/a>\n\t\t<\/article>\n\t\t\t\t<article class=\"elementor-portfolio-item elementor-post elementor-filter-34 elementor-filter-191 post-27057 post type-post status-publish format-standard has-post-thumbnail hentry category-budapest category-lo-que-no-te-puedes-perder-budapest tag-europa tag-hungria\">\n\t\t\t<a class=\"elementor-post__thumbnail__link\" href=\"https:\/\/tripaim.com\/blog\/budapest\/estatua-anonima\/\">\n\t\t\t\t<div class=\"elementor-portfolio-item__img elementor-post__thumbnail\">\n\t\t\t<img loading=\"lazy\" decoding=\"async\" width=\"1024\" height=\"683\" src=\"https:\/\/tripaim.com\/blog\/wp-content\/uploads\/2023\/11\/Anonymus-1024x683.jpg\" class=\"attachment-large size-large wp-image-27059\" alt=\"Estatua an\u00f3nima\" srcset=\"https:\/\/tripaim.com\/blog\/wp-content\/uploads\/2023\/11\/Anonymus-1024x683.jpg 1024w, https:\/\/tripaim.com\/blog\/wp-content\/uploads\/2023\/11\/Anonymus-300x200.jpg 300w, https:\/\/tripaim.com\/blog\/wp-content\/uploads\/2023\/11\/Anonymus-768x512.jpg 768w, https:\/\/tripaim.com\/blog\/wp-content\/uploads\/2023\/11\/Anonymus.jpg 1260w\" sizes=\"(max-width: 1024px) 100vw, 1024px\" \/>\t\t<\/div>\n\t\t\t\t<div class=\"elementor-portfolio-item__overlay\">\n\t\t\t\t<h3 class=\"elementor-portfolio-item__title\">\n\t\tEstatua An\u00f3nima\t\t<\/h3>\n\t\t\t\t<\/div>\n\t\t\t\t<\/a>\n\t\t<\/article>\n\t\t\t\t<article class=\"elementor-portfolio-item elementor-post elementor-filter-34 elementor-filter-106 post-6521 post type-post status-publish format-standard has-post-thumbnail hentry category-florencia category-lo-que-no-te-puedes-perder-florencia tag-europa tag-italia\">\n\t\t\t<a class=\"elementor-post__thumbnail__link\" href=\"https:\/\/tripaim.com\/blog\/florencia\/5-lugares-turisticos-de-florencia\/\">\n\t\t\t\t<div class=\"elementor-portfolio-item__img elementor-post__thumbnail\">\n\t\t\t<img loading=\"lazy\" decoding=\"async\" width=\"1024\" height=\"373\" src=\"https:\/\/tripaim.com\/blog\/wp-content\/uploads\/2020\/12\/Lugares-turisticos-de-Florencia-1024x373.jpg\" class=\"attachment-large size-large wp-image-6523\" alt=\"Que ver en Florencia\" srcset=\"https:\/\/tripaim.com\/blog\/wp-content\/uploads\/2020\/12\/Lugares-turisticos-de-Florencia-1024x373.jpg 1024w, https:\/\/tripaim.com\/blog\/wp-content\/uploads\/2020\/12\/Lugares-turisticos-de-Florencia-300x109.jpg 300w, https:\/\/tripaim.com\/blog\/wp-content\/uploads\/2020\/12\/Lugares-turisticos-de-Florencia-768x280.jpg 768w, https:\/\/tripaim.com\/blog\/wp-content\/uploads\/2020\/12\/Lugares-turisticos-de-Florencia-1536x560.jpg 1536w, https:\/\/tripaim.com\/blog\/wp-content\/uploads\/2020\/12\/Lugares-turisticos-de-Florencia.jpg 1920w\" sizes=\"(max-width: 1024px) 100vw, 1024px\" \/>\t\t<\/div>\n\t\t\t\t<div class=\"elementor-portfolio-item__overlay\">\n\t\t\t\t<h3 class=\"elementor-portfolio-item__title\">\n\t\t5 Lugares tur\u00edsticos de Florencia\t\t<\/h3>\n\t\t\t\t<\/div>\n\t\t\t\t<\/a>\n\t\t<\/article>\n\t\t\t\t<article class=\"elementor-portfolio-item elementor-post elementor-filter-34 elementor-filter-69 post-6809 post type-post status-publish format-standard has-post-thumbnail hentry category-paris category-lo-que-no-te-puedes-perder-paris tag-europa tag-francia\">\n\t\t\t<a class=\"elementor-post__thumbnail__link\" href=\"https:\/\/tripaim.com\/blog\/paris\/madeleine\/\">\n\t\t\t\t<div class=\"elementor-portfolio-item__img elementor-post__thumbnail\">\n\t\t\t<img loading=\"lazy\" decoding=\"async\" width=\"1024\" height=\"373\" src=\"https:\/\/tripaim.com\/blog\/wp-content\/uploads\/2021\/01\/La-Madeleine-1024x373.jpg\" class=\"attachment-large size-large wp-image-6811\" alt=\"Que ver en Paris\" srcset=\"https:\/\/tripaim.com\/blog\/wp-content\/uploads\/2021\/01\/La-Madeleine-1024x373.jpg 1024w, https:\/\/tripaim.com\/blog\/wp-content\/uploads\/2021\/01\/La-Madeleine-300x109.jpg 300w, https:\/\/tripaim.com\/blog\/wp-content\/uploads\/2021\/01\/La-Madeleine-768x280.jpg 768w, https:\/\/tripaim.com\/blog\/wp-content\/uploads\/2021\/01\/La-Madeleine-1536x560.jpg 1536w, https:\/\/tripaim.com\/blog\/wp-content\/uploads\/2021\/01\/La-Madeleine.jpg 1920w\" sizes=\"(max-width: 1024px) 100vw, 1024px\" \/>\t\t<\/div>\n\t\t\t\t<div class=\"elementor-portfolio-item__overlay\">\n\t\t\t\t<h3 class=\"elementor-portfolio-item__title\">\n\t\tMadeleine\t\t<\/h3>\n\t\t\t\t<\/div>\n\t\t\t\t<\/a>\n\t\t<\/article>\n\t\t\t\t<article class=\"elementor-portfolio-item elementor-post elementor-filter-34 elementor-filter-178 post-1295 post type-post status-publish format-standard has-post-thumbnail hentry category-londres category-lo-que-no-te-puedes-perder-londres tag-europa tag-reino-unido\">\n\t\t\t<a class=\"elementor-post__thumbnail__link\" href=\"https:\/\/tripaim.com\/blog\/londres\/london-eye\/\">\n\t\t\t\t<div class=\"elementor-portfolio-item__img elementor-post__thumbnail\">\n\t\t\t<img loading=\"lazy\" decoding=\"async\" width=\"1024\" height=\"373\" src=\"https:\/\/tripaim.com\/blog\/wp-content\/uploads\/2020\/09\/London-Eye-1024x373.jpg\" class=\"attachment-large size-large wp-image-1296\" alt=\"Que ver en Londres\" srcset=\"https:\/\/tripaim.com\/blog\/wp-content\/uploads\/2020\/09\/London-Eye-1024x373.jpg 1024w, https:\/\/tripaim.com\/blog\/wp-content\/uploads\/2020\/09\/London-Eye-300x109.jpg 300w, https:\/\/tripaim.com\/blog\/wp-content\/uploads\/2020\/09\/London-Eye-768x280.jpg 768w, https:\/\/tripaim.com\/blog\/wp-content\/uploads\/2020\/09\/London-Eye-1536x560.jpg 1536w, https:\/\/tripaim.com\/blog\/wp-content\/uploads\/2020\/09\/London-Eye.jpg 1920w\" sizes=\"(max-width: 1024px) 100vw, 1024px\" \/>\t\t<\/div>\n\t\t\t\t<div class=\"elementor-portfolio-item__overlay\">\n\t\t\t\t<h3 class=\"elementor-portfolio-item__title\">\n\t\tLondon Eye\t\t<\/h3>\n\t\t\t\t<\/div>\n\t\t\t\t<\/a>\n\t\t<\/article>\n\t\t\t\t<article class=\"elementor-portfolio-item elementor-post elementor-filter-34 elementor-filter-106 post-1711 post type-post status-publish format-standard has-post-thumbnail hentry category-fiestas-y-tradiciones category-venecia tag-europa tag-italia\">\n\t\t\t<a class=\"elementor-post__thumbnail__link\" href=\"https:\/\/tripaim.com\/blog\/venecia\/los-gondoleros-de-venecia\/\">\n\t\t\t\t<div class=\"elementor-portfolio-item__img elementor-post__thumbnail\">\n\t\t\t<img loading=\"lazy\" decoding=\"async\" width=\"1024\" height=\"373\" src=\"https:\/\/tripaim.com\/blog\/wp-content\/uploads\/2020\/09\/El-Gondolero-1024x373.jpg\" class=\"attachment-large size-large wp-image-1712\" alt=\"Tipico de Venecia\" srcset=\"https:\/\/tripaim.com\/blog\/wp-content\/uploads\/2020\/09\/El-Gondolero-1024x373.jpg 1024w, https:\/\/tripaim.com\/blog\/wp-content\/uploads\/2020\/09\/El-Gondolero-300x109.jpg 300w, https:\/\/tripaim.com\/blog\/wp-content\/uploads\/2020\/09\/El-Gondolero-768x280.jpg 768w, https:\/\/tripaim.com\/blog\/wp-content\/uploads\/2020\/09\/El-Gondolero-1536x560.jpg 1536w, https:\/\/tripaim.com\/blog\/wp-content\/uploads\/2020\/09\/El-Gondolero.jpg 1920w\" sizes=\"(max-width: 1024px) 100vw, 1024px\" \/>\t\t<\/div>\n\t\t\t\t<div class=\"elementor-portfolio-item__overlay\">\n\t\t\t\t<h3 class=\"elementor-portfolio-item__title\">\n\t\tLos gondoleros de Venecia\t\t<\/h3>\n\t\t\t\t<\/div>\n\t\t\t\t<\/a>\n\t\t<\/article>\n\t\t\t\t<article class=\"elementor-portfolio-item elementor-post elementor-filter-34 elementor-filter-337 post-7516 post type-post status-publish format-standard has-post-thumbnail hentry category-lo-que-no-puedes-perderte-tallin category-tallin tag-europa tag-estonia\">\n\t\t\t<a class=\"elementor-post__thumbnail__link\" href=\"https:\/\/tripaim.com\/blog\/tallin\/puerta-de-viru\/\">\n\t\t\t\t<div class=\"elementor-portfolio-item__img elementor-post__thumbnail\">\n\t\t\t<img loading=\"lazy\" decoding=\"async\" width=\"1024\" height=\"373\" src=\"https:\/\/tripaim.com\/blog\/wp-content\/uploads\/2021\/01\/Puerta-de-Viru-1024x373.jpg\" class=\"attachment-large size-large wp-image-7518\" alt=\"Que ver en Tallin\" srcset=\"https:\/\/tripaim.com\/blog\/wp-content\/uploads\/2021\/01\/Puerta-de-Viru-1024x373.jpg 1024w, https:\/\/tripaim.com\/blog\/wp-content\/uploads\/2021\/01\/Puerta-de-Viru-300x109.jpg 300w, https:\/\/tripaim.com\/blog\/wp-content\/uploads\/2021\/01\/Puerta-de-Viru-768x280.jpg 768w, https:\/\/tripaim.com\/blog\/wp-content\/uploads\/2021\/01\/Puerta-de-Viru-1536x560.jpg 1536w, https:\/\/tripaim.com\/blog\/wp-content\/uploads\/2021\/01\/Puerta-de-Viru.jpg 1920w\" sizes=\"(max-width: 1024px) 100vw, 1024px\" \/>\t\t<\/div>\n\t\t\t\t<div class=\"elementor-portfolio-item__overlay\">\n\t\t\t\t<h3 class=\"elementor-portfolio-item__title\">\n\t\tPuerta de Viru\t\t<\/h3>\n\t\t\t\t<\/div>\n\t\t\t\t<\/a>\n\t\t<\/article>\n\t\t\t\t<article class=\"elementor-portfolio-item elementor-post elementor-filter-34 elementor-filter-106 post-33349 post type-post status-publish format-standard has-post-thumbnail hentry category-roma category-lo-que-no-te-puedes-perder-roma tag-europa tag-italia\">\n\t\t\t<a class=\"elementor-post__thumbnail__link\" href=\"https:\/\/tripaim.com\/blog\/roma\/panteon-roma\/\">\n\t\t\t\t<div class=\"elementor-portfolio-item__img elementor-post__thumbnail\">\n\t\t\t<img loading=\"lazy\" decoding=\"async\" width=\"1024\" height=\"373\" src=\"https:\/\/tripaim.com\/blog\/wp-content\/uploads\/2025\/01\/Panteon-de-Agripa-1024x373.jpg\" class=\"attachment-large size-large wp-image-33350\" alt=\"Qu\u00e9 ver en Roma\" srcset=\"https:\/\/tripaim.com\/blog\/wp-content\/uploads\/2025\/01\/Panteon-de-Agripa-1024x373.jpg 1024w, https:\/\/tripaim.com\/blog\/wp-content\/uploads\/2025\/01\/Panteon-de-Agripa-300x109.jpg 300w, https:\/\/tripaim.com\/blog\/wp-content\/uploads\/2025\/01\/Panteon-de-Agripa-768x280.jpg 768w, https:\/\/tripaim.com\/blog\/wp-content\/uploads\/2025\/01\/Panteon-de-Agripa-1536x560.jpg 1536w, https:\/\/tripaim.com\/blog\/wp-content\/uploads\/2025\/01\/Panteon-de-Agripa.jpg 1920w\" sizes=\"(max-width: 1024px) 100vw, 1024px\" \/>\t\t<\/div>\n\t\t\t\t<div class=\"elementor-portfolio-item__overlay\">\n\t\t\t\t<h3 class=\"elementor-portfolio-item__title\">\n\t\tPante\u00f3n de Roma\t\t<\/h3>\n\t\t\t\t<\/div>\n\t\t\t\t<\/a>\n\t\t<\/article>\n\t\t\t\t<article class=\"elementor-portfolio-item elementor-post elementor-filter-34 elementor-filter-106 post-33382 post type-post status-publish format-standard has-post-thumbnail hentry category-roma category-lo-que-no-te-puedes-perder-roma tag-europa tag-italia\">\n\t\t\t<a class=\"elementor-post__thumbnail__link\" href=\"https:\/\/tripaim.com\/blog\/roma\/coliseo\/\">\n\t\t\t\t<div class=\"elementor-portfolio-item__img elementor-post__thumbnail\">\n\t\t\t<img loading=\"lazy\" decoding=\"async\" width=\"1024\" height=\"373\" src=\"https:\/\/tripaim.com\/blog\/wp-content\/uploads\/2025\/01\/Coliseo-1024x373.jpg\" class=\"attachment-large size-large wp-image-33383\" alt=\"Coliseo\" srcset=\"https:\/\/tripaim.com\/blog\/wp-content\/uploads\/2025\/01\/Coliseo-1024x373.jpg 1024w, https:\/\/tripaim.com\/blog\/wp-content\/uploads\/2025\/01\/Coliseo-300x109.jpg 300w, https:\/\/tripaim.com\/blog\/wp-content\/uploads\/2025\/01\/Coliseo-768x280.jpg 768w, https:\/\/tripaim.com\/blog\/wp-content\/uploads\/2025\/01\/Coliseo-1536x560.jpg 1536w, https:\/\/tripaim.com\/blog\/wp-content\/uploads\/2025\/01\/Coliseo.jpg 1920w\" sizes=\"(max-width: 1024px) 100vw, 1024px\" \/>\t\t<\/div>\n\t\t\t\t<div class=\"elementor-portfolio-item__overlay\">\n\t\t\t\t<h3 class=\"elementor-portfolio-item__title\">\n\t\tColiseo de Roma\t\t<\/h3>\n\t\t\t\t<\/div>\n\t\t\t\t<\/a>\n\t\t<\/article>\n\t\t\t\t<article class=\"elementor-portfolio-item elementor-post elementor-filter-34 elementor-filter-197 post-31984 post type-post status-publish format-standard has-post-thumbnail hentry category-datos-practicos-2 category-praga tag-europa tag-republica-checa\">\n\t\t\t<a class=\"elementor-post__thumbnail__link\" href=\"https:\/\/tripaim.com\/blog\/praga\/transporte-publico\/\">\n\t\t\t\t<div class=\"elementor-portfolio-item__img elementor-post__thumbnail\">\n\t\t\t<img loading=\"lazy\" decoding=\"async\" width=\"1024\" height=\"373\" src=\"https:\/\/tripaim.com\/blog\/wp-content\/uploads\/2024\/11\/Transporte-en-Praga-1024x373.jpg\" class=\"attachment-large size-large wp-image-31986\" alt=\"Medios de Transporte en Praga\" srcset=\"https:\/\/tripaim.com\/blog\/wp-content\/uploads\/2024\/11\/Transporte-en-Praga-1024x373.jpg 1024w, https:\/\/tripaim.com\/blog\/wp-content\/uploads\/2024\/11\/Transporte-en-Praga-300x109.jpg 300w, https:\/\/tripaim.com\/blog\/wp-content\/uploads\/2024\/11\/Transporte-en-Praga-768x280.jpg 768w, https:\/\/tripaim.com\/blog\/wp-content\/uploads\/2024\/11\/Transporte-en-Praga-1536x560.jpg 1536w, https:\/\/tripaim.com\/blog\/wp-content\/uploads\/2024\/11\/Transporte-en-Praga.jpg 1920w\" sizes=\"(max-width: 1024px) 100vw, 1024px\" \/>\t\t<\/div>\n\t\t\t\t<div class=\"elementor-portfolio-item__overlay\">\n\t\t\t\t<h3 class=\"elementor-portfolio-item__title\">\n\t\tTransporte p\u00fablico en Praga\t\t<\/h3>\n\t\t\t\t<\/div>\n\t\t\t\t<\/a>\n\t\t<\/article>\n\t\t\t\t<article class=\"elementor-portfolio-item elementor-post elementor-filter-34 elementor-filter-69 post-32789 post type-post status-publish format-standard has-post-thumbnail hentry category-lo-que-no-te-puedes-perder-paris category-paris tag-europa tag-francia\">\n\t\t\t<a class=\"elementor-post__thumbnail__link\" href=\"https:\/\/tripaim.com\/blog\/paris\/museos-en-paris\/\">\n\t\t\t\t<div class=\"elementor-portfolio-item__img elementor-post__thumbnail\">\n\t\t\t<img loading=\"lazy\" decoding=\"async\" width=\"992\" height=\"450\" src=\"https:\/\/tripaim.com\/blog\/wp-content\/uploads\/2024\/11\/Museos-de-Paris.jpg\" class=\"attachment-large size-large wp-image-32814\" alt=\"C\u00f3mo son los museos de Par\u00eds\" srcset=\"https:\/\/tripaim.com\/blog\/wp-content\/uploads\/2024\/11\/Museos-de-Paris.jpg 992w, https:\/\/tripaim.com\/blog\/wp-content\/uploads\/2024\/11\/Museos-de-Paris-300x136.jpg 300w, https:\/\/tripaim.com\/blog\/wp-content\/uploads\/2024\/11\/Museos-de-Paris-768x348.jpg 768w\" sizes=\"(max-width: 992px) 100vw, 992px\" \/>\t\t<\/div>\n\t\t\t\t<div class=\"elementor-portfolio-item__overlay\">\n\t\t\t\t<h3 class=\"elementor-portfolio-item__title\">\n\t\tMuseos en Par\u00eds, los mejores\t\t<\/h3>\n\t\t\t\t<\/div>\n\t\t\t\t<\/a>\n\t\t<\/article>\n\t\t\t\t<\/div>\n\t\t\t\t<\/div>\n\t\t\t\t<\/div>\n\t\t\t\t\t<\/div>\n\t\t<\/div>\n\t\t\t\t\t<\/div>\n\t\t<\/section>\n\t\t\t\t<section class=\"elementor-section elementor-top-section elementor-element elementor-element-4df07590 elementor-section-boxed elementor-section-height-default elementor-section-height-default\" data-id=\"4df07590\" data-element_type=\"section\" data-settings=\"{&quot;jet_parallax_layout_list&quot;:[{&quot;jet_parallax_layout_image&quot;:{&quot;url&quot;:&quot;&quot;,&quot;id&quot;:&quot;&quot;,&quot;size&quot;:&quot;&quot;},&quot;_id&quot;:&quot;b06c42c&quot;,&quot;jet_parallax_layout_image_tablet&quot;:{&quot;url&quot;:&quot;&quot;,&quot;id&quot;:&quot;&quot;,&quot;size&quot;:&quot;&quot;},&quot;jet_parallax_layout_image_mobile&quot;:{&quot;url&quot;:&quot;&quot;,&quot;id&quot;:&quot;&quot;,&quot;size&quot;:&quot;&quot;},&quot;jet_parallax_layout_speed&quot;:{&quot;unit&quot;:&quot;%&quot;,&quot;size&quot;:50,&quot;sizes&quot;:[]},&quot;jet_parallax_layout_type&quot;:&quot;scroll&quot;,&quot;jet_parallax_layout_direction&quot;:null,&quot;jet_parallax_layout_fx_direction&quot;:null,&quot;jet_parallax_layout_z_index&quot;:&quot;&quot;,&quot;jet_parallax_layout_bg_x&quot;:50,&quot;jet_parallax_layout_bg_x_tablet&quot;:&quot;&quot;,&quot;jet_parallax_layout_bg_x_mobile&quot;:&quot;&quot;,&quot;jet_parallax_layout_bg_y&quot;:50,&quot;jet_parallax_layout_bg_y_tablet&quot;:&quot;&quot;,&quot;jet_parallax_layout_bg_y_mobile&quot;:&quot;&quot;,&quot;jet_parallax_layout_bg_size&quot;:&quot;auto&quot;,&quot;jet_parallax_layout_bg_size_tablet&quot;:&quot;&quot;,&quot;jet_parallax_layout_bg_size_mobile&quot;:&quot;&quot;,&quot;jet_parallax_layout_animation_prop&quot;:&quot;transform&quot;,&quot;jet_parallax_layout_on&quot;:[&quot;desktop&quot;,&quot;tablet&quot;]}]}\">\n\t\t\t\t\t\t<div class=\"elementor-container elementor-column-gap-default\">\n\t\t\t\t\t<div class=\"elementor-column elementor-col-100 elementor-top-column elementor-element elementor-element-669d18fc\" data-id=\"669d18fc\" data-element_type=\"column\">\n\t\t\t<div class=\"elementor-widget-wrap elementor-element-populated\">\n\t\t\t\t\t\t\t<\/div>\n\t\t<\/div>\n\t\t\t\t\t<\/div>\n\t\t<\/section>\n\t\t\t\t<\/div>\n\t\t","protected":false},"excerpt":{"rendered":"<p class=\"excerpt\">Plaza de la Rep\u00fablica, un s\u00edmbolo de modernidad. Aunque Florencia destaca por sus construcciones que tienen siglos de antig\u00fcedad, hay otros lugares de la ciudad que resaltan por ser m\u00e1s modernos. Uno de ellos es la Plaza de la Rep\u00fablica, un espacio que cambi\u00f3 por completo el urbanismo de la ciudad, y dio a los [&hellip;]<\/p>\n","protected":false},"author":1,"featured_media":11804,"comment_status":"open","ping_status":"open","sticky":false,"template":"template-blank.php","format":"standard","meta":{"footnotes":""},"categories":[201,202],"tags":[34,106],"class_list":["post-11802","post","type-post","status-publish","format-standard","has-post-thumbnail","hentry","category-florencia","category-lo-que-no-te-puedes-perder-florencia","tag-europa","tag-italia"],"yoast_head":"<!-- This site is optimized with the Yoast SEO plugin v24.1 - https:\/\/yoast.com\/wordpress\/plugins\/seo\/ -->\n<title>En la Plaza de la Rep\u00fablica se unen la zona antigua y moderna<\/title>\n<meta name=\"description\" content=\"La Plaza de la Rep\u00fablica es una parte de la ciudad ampliamente transitada y que se encuentra en el centro de Florencia.\" \/>\n<meta name=\"robots\" content=\"index, follow, max-snippet:-1, max-image-preview:large, max-video-preview:-1\" \/>\n<link rel=\"canonical\" href=\"https:\/\/tripaim.com\/blog\/florencia\/plaza-de-la-republica\/\" \/>\n<meta name=\"twitter:card\" content=\"summary_large_image\" \/>\n<meta name=\"twitter:title\" content=\"En la Plaza de la Rep\u00fablica se unen la zona antigua y moderna\" \/>\n<meta name=\"twitter:description\" content=\"La Plaza de la Rep\u00fablica es una parte de la ciudad ampliamente transitada y que se encuentra en el centro de Florencia.\" \/>\n<meta name=\"twitter:image\" content=\"https:\/\/tripaim.com\/blog\/wp-content\/uploads\/2021\/05\/Piazza-della-Repubblica.jpg\" \/>\n<meta name=\"twitter:label1\" content=\"Escrito por\" \/>\n\t<meta name=\"twitter:data1\" content=\"Tripaim\" \/>\n\t<meta name=\"twitter:label2\" content=\"Tiempo de lectura\" \/>\n\t<meta name=\"twitter:data2\" content=\"9 minutos\" \/>\n<script type=\"application\/ld+json\" class=\"yoast-schema-graph\">{\"@context\":\"https:\/\/schema.org\",\"@graph\":[{\"@type\":[\"Article\",\"BlogPosting\"],\"@id\":\"https:\/\/tripaim.com\/blog\/florencia\/plaza-de-la-republica\/#article\",\"isPartOf\":{\"@id\":\"https:\/\/tripaim.com\/blog\/florencia\/plaza-de-la-republica\/\"},\"author\":{\"name\":\"Tripaim\",\"@id\":\"https:\/\/tripaim.com\/blog\/en\/#\/schema\/person\/d41d4686a31c911c6f1c279c1e0f6646\"},\"headline\":\"Plaza de la Rep\u00fablica\",\"datePublished\":\"2024-01-13T16:20:21+00:00\",\"dateModified\":\"2025-07-06T06:08:01+00:00\",\"mainEntityOfPage\":{\"@id\":\"https:\/\/tripaim.com\/blog\/florencia\/plaza-de-la-republica\/\"},\"wordCount\":604,\"commentCount\":1,\"publisher\":{\"@id\":\"https:\/\/tripaim.com\/blog\/en\/#organization\"},\"image\":{\"@id\":\"https:\/\/tripaim.com\/blog\/florencia\/plaza-de-la-republica\/#primaryimage\"},\"thumbnailUrl\":\"https:\/\/tripaim.com\/blog\/wp-content\/uploads\/2021\/05\/Piazza-della-Repubblica.jpg\",\"keywords\":[\"Europa\",\"Italia\"],\"articleSection\":[\"Florencia\",\"Lo que no te puedes perder en Florencia\"],\"inLanguage\":\"es\",\"potentialAction\":[{\"@type\":\"CommentAction\",\"name\":\"Comment\",\"target\":[\"https:\/\/tripaim.com\/blog\/florencia\/plaza-de-la-republica\/#respond\"]}]},{\"@type\":[\"WebPage\",\"ItemPage\"],\"@id\":\"https:\/\/tripaim.com\/blog\/florencia\/plaza-de-la-republica\/\",\"url\":\"https:\/\/tripaim.com\/blog\/florencia\/plaza-de-la-republica\/\",\"name\":\"En la Plaza de la Rep\u00fablica se unen la zona antigua y moderna\",\"isPartOf\":{\"@id\":\"https:\/\/tripaim.com\/blog\/en\/#website\"},\"primaryImageOfPage\":{\"@id\":\"https:\/\/tripaim.com\/blog\/florencia\/plaza-de-la-republica\/#primaryimage\"},\"image\":{\"@id\":\"https:\/\/tripaim.com\/blog\/florencia\/plaza-de-la-republica\/#primaryimage\"},\"thumbnailUrl\":\"https:\/\/tripaim.com\/blog\/wp-content\/uploads\/2021\/05\/Piazza-della-Repubblica.jpg\",\"datePublished\":\"2024-01-13T16:20:21+00:00\",\"dateModified\":\"2025-07-06T06:08:01+00:00\",\"description\":\"La Plaza de la Rep\u00fablica es una parte de la ciudad ampliamente transitada y que se encuentra en el centro de Florencia.\",\"breadcrumb\":{\"@id\":\"https:\/\/tripaim.com\/blog\/florencia\/plaza-de-la-republica\/#breadcrumb\"},\"inLanguage\":\"es\",\"potentialAction\":[{\"@type\":\"ReadAction\",\"target\":[\"https:\/\/tripaim.com\/blog\/florencia\/plaza-de-la-republica\/\"]}]},{\"@type\":\"ImageObject\",\"inLanguage\":\"es\",\"@id\":\"https:\/\/tripaim.com\/blog\/florencia\/plaza-de-la-republica\/#primaryimage\",\"url\":\"https:\/\/tripaim.com\/blog\/wp-content\/uploads\/2021\/05\/Piazza-della-Repubblica.jpg\",\"contentUrl\":\"https:\/\/tripaim.com\/blog\/wp-content\/uploads\/2021\/05\/Piazza-della-Repubblica.jpg\",\"width\":1920,\"height\":700,\"caption\":\"Que ver en Florencia\"},{\"@type\":\"BreadcrumbList\",\"@id\":\"https:\/\/tripaim.com\/blog\/florencia\/plaza-de-la-republica\/#breadcrumb\",\"itemListElement\":[{\"@type\":\"ListItem\",\"position\":1,\"name\":\"Inicio\",\"item\":\"https:\/\/tripaim.com\/blog\/\"},{\"@type\":\"ListItem\",\"position\":2,\"name\":\"Florencia\",\"item\":\"https:\/\/tripaim.com\/blog\/category\/florencia\/\"},{\"@type\":\"ListItem\",\"position\":3,\"name\":\"Plaza de la Rep\u00fablica\"}]},{\"@type\":\"WebSite\",\"@id\":\"https:\/\/tripaim.com\/blog\/en\/#website\",\"url\":\"https:\/\/tripaim.com\/blog\/en\/\",\"name\":\"TripAim\",\"description\":\"Blog de rutas con Audiogu\u00eda\",\"publisher\":{\"@id\":\"https:\/\/tripaim.com\/blog\/en\/#organization\"},\"potentialAction\":[{\"@type\":\"SearchAction\",\"target\":{\"@type\":\"EntryPoint\",\"urlTemplate\":\"https:\/\/tripaim.com\/blog\/en\/?s={search_term_string}\"},\"query-input\":{\"@type\":\"PropertyValueSpecification\",\"valueRequired\":true,\"valueName\":\"search_term_string\"}}],\"inLanguage\":\"es\"},{\"@type\":\"Organization\",\"@id\":\"https:\/\/tripaim.com\/blog\/en\/#organization\",\"name\":\"TripAim\",\"url\":\"https:\/\/tripaim.com\/blog\/en\/\",\"logo\":{\"@type\":\"ImageObject\",\"inLanguage\":\"es\",\"@id\":\"https:\/\/tripaim.com\/blog\/en\/#\/schema\/logo\/image\/\",\"url\":\"https:\/\/tripaim.com\/blog\/wp-content\/uploads\/2020\/08\/cropped-Tripaim.png\",\"contentUrl\":\"https:\/\/tripaim.com\/blog\/wp-content\/uploads\/2020\/08\/cropped-Tripaim.png\",\"width\":250,\"height\":116,\"caption\":\"TripAim\"},\"image\":{\"@id\":\"https:\/\/tripaim.com\/blog\/en\/#\/schema\/logo\/image\/\"}},{\"@type\":\"Person\",\"@id\":\"https:\/\/tripaim.com\/blog\/en\/#\/schema\/person\/d41d4686a31c911c6f1c279c1e0f6646\",\"name\":\"Tripaim\",\"image\":{\"@type\":\"ImageObject\",\"inLanguage\":\"es\",\"@id\":\"https:\/\/tripaim.com\/blog\/en\/#\/schema\/person\/image\/\",\"url\":\"https:\/\/tripaim.com\/blog\/wp-content\/litespeed\/avatar\/9b9e202dc13b74ee21070ea7e9841b45.jpg?ver=1777318718\",\"contentUrl\":\"https:\/\/tripaim.com\/blog\/wp-content\/litespeed\/avatar\/9b9e202dc13b74ee21070ea7e9841b45.jpg?ver=1777318718\",\"caption\":\"Tripaim\"},\"sameAs\":[\"https:\/\/tripaim.com\/blog\"],\"url\":\"https:\/\/tripaim.com\/blog\/author\/tripaimanel\/\"}]}<\/script>\n<!-- \/ Yoast SEO plugin. -->","yoast_head_json":{"title":"En la Plaza de la Rep\u00fablica se unen la zona antigua y moderna","description":"La Plaza de la Rep\u00fablica es una parte de la ciudad ampliamente transitada y que se encuentra en el centro de Florencia.","robots":{"index":"index","follow":"follow","max-snippet":"max-snippet:-1","max-image-preview":"max-image-preview:large","max-video-preview":"max-video-preview:-1"},"canonical":"https:\/\/tripaim.com\/blog\/florencia\/plaza-de-la-republica\/","twitter_card":"summary_large_image","twitter_title":"En la Plaza de la Rep\u00fablica se unen la zona antigua y moderna","twitter_description":"La Plaza de la Rep\u00fablica es una parte de la ciudad ampliamente transitada y que se encuentra en el centro de Florencia.","twitter_image":"https:\/\/tripaim.com\/blog\/wp-content\/uploads\/2021\/05\/Piazza-della-Repubblica.jpg","twitter_misc":{"Escrito por":"Tripaim","Tiempo de lectura":"9 minutos"},"schema":{"@context":"https:\/\/schema.org","@graph":[{"@type":["Article","BlogPosting"],"@id":"https:\/\/tripaim.com\/blog\/florencia\/plaza-de-la-republica\/#article","isPartOf":{"@id":"https:\/\/tripaim.com\/blog\/florencia\/plaza-de-la-republica\/"},"author":{"name":"Tripaim","@id":"https:\/\/tripaim.com\/blog\/en\/#\/schema\/person\/d41d4686a31c911c6f1c279c1e0f6646"},"headline":"Plaza de la Rep\u00fablica","datePublished":"2024-01-13T16:20:21+00:00","dateModified":"2025-07-06T06:08:01+00:00","mainEntityOfPage":{"@id":"https:\/\/tripaim.com\/blog\/florencia\/plaza-de-la-republica\/"},"wordCount":604,"commentCount":1,"publisher":{"@id":"https:\/\/tripaim.com\/blog\/en\/#organization"},"image":{"@id":"https:\/\/tripaim.com\/blog\/florencia\/plaza-de-la-republica\/#primaryimage"},"thumbnailUrl":"https:\/\/tripaim.com\/blog\/wp-content\/uploads\/2021\/05\/Piazza-della-Repubblica.jpg","keywords":["Europa","Italia"],"articleSection":["Florencia","Lo que no te puedes perder en Florencia"],"inLanguage":"es","potentialAction":[{"@type":"CommentAction","name":"Comment","target":["https:\/\/tripaim.com\/blog\/florencia\/plaza-de-la-republica\/#respond"]}]},{"@type":["WebPage","ItemPage"],"@id":"https:\/\/tripaim.com\/blog\/florencia\/plaza-de-la-republica\/","url":"https:\/\/tripaim.com\/blog\/florencia\/plaza-de-la-republica\/","name":"En la Plaza de la Rep\u00fablica se unen la zona antigua y moderna","isPartOf":{"@id":"https:\/\/tripaim.com\/blog\/en\/#website"},"primaryImageOfPage":{"@id":"https:\/\/tripaim.com\/blog\/florencia\/plaza-de-la-republica\/#primaryimage"},"image":{"@id":"https:\/\/tripaim.com\/blog\/florencia\/plaza-de-la-republica\/#primaryimage"},"thumbnailUrl":"https:\/\/tripaim.com\/blog\/wp-content\/uploads\/2021\/05\/Piazza-della-Repubblica.jpg","datePublished":"2024-01-13T16:20:21+00:00","dateModified":"2025-07-06T06:08:01+00:00","description":"La Plaza de la Rep\u00fablica es una parte de la ciudad ampliamente transitada y que se encuentra en el centro de Florencia.","breadcrumb":{"@id":"https:\/\/tripaim.com\/blog\/florencia\/plaza-de-la-republica\/#breadcrumb"},"inLanguage":"es","potentialAction":[{"@type":"ReadAction","target":["https:\/\/tripaim.com\/blog\/florencia\/plaza-de-la-republica\/"]}]},{"@type":"ImageObject","inLanguage":"es","@id":"https:\/\/tripaim.com\/blog\/florencia\/plaza-de-la-republica\/#primaryimage","url":"https:\/\/tripaim.com\/blog\/wp-content\/uploads\/2021\/05\/Piazza-della-Repubblica.jpg","contentUrl":"https:\/\/tripaim.com\/blog\/wp-content\/uploads\/2021\/05\/Piazza-della-Repubblica.jpg","width":1920,"height":700,"caption":"Que ver en Florencia"},{"@type":"BreadcrumbList","@id":"https:\/\/tripaim.com\/blog\/florencia\/plaza-de-la-republica\/#breadcrumb","itemListElement":[{"@type":"ListItem","position":1,"name":"Inicio","item":"https:\/\/tripaim.com\/blog\/"},{"@type":"ListItem","position":2,"name":"Florencia","item":"https:\/\/tripaim.com\/blog\/category\/florencia\/"},{"@type":"ListItem","position":3,"name":"Plaza de la Rep\u00fablica"}]},{"@type":"WebSite","@id":"https:\/\/tripaim.com\/blog\/en\/#website","url":"https:\/\/tripaim.com\/blog\/en\/","name":"TripAim","description":"Blog de rutas con Audiogu\u00eda","publisher":{"@id":"https:\/\/tripaim.com\/blog\/en\/#organization"},"potentialAction":[{"@type":"SearchAction","target":{"@type":"EntryPoint","urlTemplate":"https:\/\/tripaim.com\/blog\/en\/?s={search_term_string}"},"query-input":{"@type":"PropertyValueSpecification","valueRequired":true,"valueName":"search_term_string"}}],"inLanguage":"es"},{"@type":"Organization","@id":"https:\/\/tripaim.com\/blog\/en\/#organization","name":"TripAim","url":"https:\/\/tripaim.com\/blog\/en\/","logo":{"@type":"ImageObject","inLanguage":"es","@id":"https:\/\/tripaim.com\/blog\/en\/#\/schema\/logo\/image\/","url":"https:\/\/tripaim.com\/blog\/wp-content\/uploads\/2020\/08\/cropped-Tripaim.png","contentUrl":"https:\/\/tripaim.com\/blog\/wp-content\/uploads\/2020\/08\/cropped-Tripaim.png","width":250,"height":116,"caption":"TripAim"},"image":{"@id":"https:\/\/tripaim.com\/blog\/en\/#\/schema\/logo\/image\/"}},{"@type":"Person","@id":"https:\/\/tripaim.com\/blog\/en\/#\/schema\/person\/d41d4686a31c911c6f1c279c1e0f6646","name":"Tripaim","image":{"@type":"ImageObject","inLanguage":"es","@id":"https:\/\/tripaim.com\/blog\/en\/#\/schema\/person\/image\/","url":"https:\/\/tripaim.com\/blog\/wp-content\/litespeed\/avatar\/9b9e202dc13b74ee21070ea7e9841b45.jpg?ver=1777318718","contentUrl":"https:\/\/tripaim.com\/blog\/wp-content\/litespeed\/avatar\/9b9e202dc13b74ee21070ea7e9841b45.jpg?ver=1777318718","caption":"Tripaim"},"sameAs":["https:\/\/tripaim.com\/blog"],"url":"https:\/\/tripaim.com\/blog\/author\/tripaimanel\/"}]}},"_links":{"self":[{"href":"https:\/\/tripaim.com\/blog\/wp-json\/wp\/v2\/posts\/11802","targetHints":{"allow":["GET"]}}],"collection":[{"href":"https:\/\/tripaim.com\/blog\/wp-json\/wp\/v2\/posts"}],"about":[{"href":"https:\/\/tripaim.com\/blog\/wp-json\/wp\/v2\/types\/post"}],"author":[{"embeddable":true,"href":"https:\/\/tripaim.com\/blog\/wp-json\/wp\/v2\/users\/1"}],"replies":[{"embeddable":true,"href":"https:\/\/tripaim.com\/blog\/wp-json\/wp\/v2\/comments?post=11802"}],"version-history":[{"count":7,"href":"https:\/\/tripaim.com\/blog\/wp-json\/wp\/v2\/posts\/11802\/revisions"}],"predecessor-version":[{"id":34582,"href":"https:\/\/tripaim.com\/blog\/wp-json\/wp\/v2\/posts\/11802\/revisions\/34582"}],"wp:featuredmedia":[{"embeddable":true,"href":"https:\/\/tripaim.com\/blog\/wp-json\/wp\/v2\/media\/11804"}],"wp:attachment":[{"href":"https:\/\/tripaim.com\/blog\/wp-json\/wp\/v2\/media?parent=11802"}],"wp:term":[{"taxonomy":"category","embeddable":true,"href":"https:\/\/tripaim.com\/blog\/wp-json\/wp\/v2\/categories?post=11802"},{"taxonomy":"post_tag","embeddable":true,"href":"https:\/\/tripaim.com\/blog\/wp-json\/wp\/v2\/tags?post=11802"}],"curies":[{"name":"wp","href":"https:\/\/api.w.org\/{rel}","templated":true}]}}