{"id":2834,"date":"2024-01-16T02:59:54","date_gmt":"2024-01-16T01:59:54","guid":{"rendered":"https:\/\/tripaim.com\/blog\/cordoba\/la-fiesta-de-los-patios-copy\/"},"modified":"2025-07-05T20:07:52","modified_gmt":"2025-07-05T18:07:52","slug":"la-noche-blanca-del-flamenco","status":"publish","type":"post","link":"https:\/\/tripaim.com\/blog\/cordoba\/la-noche-blanca-del-flamenco\/","title":{"rendered":"La noche blanca del Flamenco"},"content":{"rendered":"\t\t<div data-elementor-type=\"wp-post\" data-elementor-id=\"2834\" class=\"elementor elementor-2834\" data-elementor-post-type=\"post\">\n\t\t\t\t\t\t<section data-dce-background-overlay-color=\"rgba(0, 0, 0, 0.76)\" data-dce-background-image-url=\"https:\/\/tripaim.com\/blog\/wp-content\/uploads\/2020\/10\/Flamenco.jpg\" class=\"elementor-section elementor-top-section elementor-element elementor-element-4660502 elementor-section-full_width elementor-section-height-min-height elementor-section-height-default elementor-section-items-middle\" data-id=\"4660502\" data-element_type=\"section\" data-settings=\"{&quot;background_background&quot;:&quot;classic&quot;,&quot;shape_divider_bottom&quot;:&quot;mountains&quot;,&quot;jet_parallax_layout_list&quot;:[{&quot;jet_parallax_layout_image&quot;:{&quot;url&quot;:&quot;&quot;,&quot;id&quot;:&quot;&quot;,&quot;size&quot;:&quot;&quot;},&quot;_id&quot;:&quot;a5df066&quot;,&quot;jet_parallax_layout_image_tablet&quot;:{&quot;url&quot;:&quot;&quot;,&quot;id&quot;:&quot;&quot;,&quot;size&quot;:&quot;&quot;},&quot;jet_parallax_layout_image_mobile&quot;:{&quot;url&quot;:&quot;&quot;,&quot;id&quot;:&quot;&quot;,&quot;size&quot;:&quot;&quot;},&quot;jet_parallax_layout_speed&quot;:{&quot;unit&quot;:&quot;%&quot;,&quot;size&quot;:50,&quot;sizes&quot;:[]},&quot;jet_parallax_layout_type&quot;:&quot;scroll&quot;,&quot;jet_parallax_layout_direction&quot;:null,&quot;jet_parallax_layout_fx_direction&quot;:null,&quot;jet_parallax_layout_z_index&quot;:&quot;&quot;,&quot;jet_parallax_layout_bg_x&quot;:50,&quot;jet_parallax_layout_bg_x_tablet&quot;:&quot;&quot;,&quot;jet_parallax_layout_bg_x_mobile&quot;:&quot;&quot;,&quot;jet_parallax_layout_bg_y&quot;:50,&quot;jet_parallax_layout_bg_y_tablet&quot;:&quot;&quot;,&quot;jet_parallax_layout_bg_y_mobile&quot;:&quot;&quot;,&quot;jet_parallax_layout_bg_size&quot;:&quot;auto&quot;,&quot;jet_parallax_layout_bg_size_tablet&quot;:&quot;&quot;,&quot;jet_parallax_layout_bg_size_mobile&quot;:&quot;&quot;,&quot;jet_parallax_layout_animation_prop&quot;:&quot;transform&quot;,&quot;jet_parallax_layout_on&quot;:[&quot;desktop&quot;,&quot;tablet&quot;]}]}\">\n\t\t\t\t\t\t\t<div class=\"elementor-background-overlay\"><\/div>\n\t\t\t\t\t\t<div class=\"elementor-shape elementor-shape-bottom\" data-negative=\"false\">\n\t\t\t<svg xmlns=\"http:\/\/www.w3.org\/2000\/svg\" viewBox=\"0 0 1000 100\" preserveAspectRatio=\"none\">\n\t<path class=\"elementor-shape-fill\" opacity=\"0.33\" d=\"M473,67.3c-203.9,88.3-263.1-34-320.3,0C66,119.1,0,59.7,0,59.7V0h1000v59.7 c0,0-62.1,26.1-94.9,29.3c-32.8,3.3-62.8-12.3-75.8-22.1C806,49.6,745.3,8.7,694.9,4.7S492.4,59,473,67.3z\"\/>\n\t<path class=\"elementor-shape-fill\" opacity=\"0.66\" d=\"M734,67.3c-45.5,0-77.2-23.2-129.1-39.1c-28.6-8.7-150.3-10.1-254,39.1 s-91.7-34.4-149.2,0C115.7,118.3,0,39.8,0,39.8V0h1000v36.5c0,0-28.2-18.5-92.1-18.5C810.2,18.1,775.7,67.3,734,67.3z\"\/>\n\t<path class=\"elementor-shape-fill\" d=\"M766.1,28.9c-200-57.5-266,65.5-395.1,19.5C242,1.8,242,5.4,184.8,20.6C128,35.8,132.3,44.9,89.9,52.5C28.6,63.7,0,0,0,0 h1000c0,0-9.9,40.9-83.6,48.1S829.6,47,766.1,28.9z\"\/>\n<\/svg>\t\t<\/div>\n\t\t\t\t\t<div class=\"elementor-container elementor-column-gap-default\">\n\t\t\t\t\t<div class=\"elementor-column elementor-col-100 elementor-top-column elementor-element elementor-element-642da8d\" data-id=\"642da8d\" data-element_type=\"column\" data-settings=\"{&quot;background_background&quot;:&quot;classic&quot;}\">\n\t\t\t<div class=\"elementor-widget-wrap elementor-element-populated\">\n\t\t\t\t\t\t<div class=\"elementor-element elementor-element-4e8b432e elementor-widget elementor-widget-theme-post-title elementor-page-title elementor-widget-heading\" data-id=\"4e8b432e\" data-element_type=\"widget\" data-widget_type=\"theme-post-title.default\">\n\t\t\t\t<div class=\"elementor-widget-container\">\n\t\t\t<div class=\"elementor-heading-title elementor-size-default\">La noche blanca del Flamenco<\/div>\t\t<\/div>\n\t\t\t\t<\/div>\n\t\t\t\t<div class=\"elementor-element elementor-element-484d32d2 elementor-align-center elementor-widget elementor-widget-post-info\" data-id=\"484d32d2\" data-element_type=\"widget\" data-widget_type=\"post-info.default\">\n\t\t\t\t<div class=\"elementor-widget-container\">\n\t\t\t\t\t<ul class=\"elementor-inline-items elementor-icon-list-items elementor-post-info\">\n\t\t\t\t\t\t\t\t<li class=\"elementor-icon-list-item elementor-repeater-item-e2090bb elementor-inline-item\" itemprop=\"commentCount\">\n\t\t\t\t\t\t<a href=\"https:\/\/tripaim.com\/blog\/cordoba\/la-noche-blanca-del-flamenco\/#comments\">\n\t\t\t\t\t\t\t\t\t\t\t<span class=\"elementor-icon-list-icon\">\n\t\t\t\t\t\t\t\t<i aria-hidden=\"true\" class=\"far fa-comment-dots\"><\/i>\t\t\t\t\t\t\t<\/span>\n\t\t\t\t\t\t\t\t\t<span class=\"elementor-icon-list-text elementor-post-info__item elementor-post-info__item--type-comments\">\n\t\t\t\t\t\t\t\t\t\t3 comentarios\t\t\t\t\t<\/span>\n\t\t\t\t\t\t\t\t\t<\/a>\n\t\t\t\t<\/li>\n\t\t\t\t<\/ul>\n\t\t\t\t<\/div>\n\t\t\t\t<\/div>\n\t\t\t\t<div class=\"elementor-element elementor-element-74fbd08d elementor-star-rating--align-center elementor--star-style-star_fontawesome elementor-widget elementor-widget-star-rating\" data-id=\"74fbd08d\" data-element_type=\"widget\" data-widget_type=\"star-rating.default\">\n\t\t\t\t<div class=\"elementor-widget-container\">\n\t\t\t\n\t\t<div class=\"elementor-star-rating__wrapper\">\n\t\t\t\t\t\t<div class=\"elementor-star-rating\" title=\"3.4\/5\" itemtype=\"http:\/\/schema.org\/Rating\" itemscope=\"\" itemprop=\"reviewRating\"><i class=\"elementor-star-full\">&#xE933;<\/i><i class=\"elementor-star-full\">&#xE933;<\/i><i class=\"elementor-star-full\">&#xE933;<\/i><i class=\"elementor-star-4\">&#xE933;<\/i><i class=\"elementor-star-empty\">&#xE933;<\/i> <span itemprop=\"ratingValue\" class=\"elementor-screen-only\">3.4\/5<\/span><\/div>\t\t<\/div>\n\t\t\t\t<\/div>\n\t\t\t\t<\/div>\n\t\t\t\t<div class=\"elementor-element elementor-element-434bf7c7 elementor-align-center elementor-widget elementor-widget-breadcrumbs\" data-id=\"434bf7c7\" data-element_type=\"widget\" data-widget_type=\"breadcrumbs.default\">\n\t\t\t\t<div class=\"elementor-widget-container\">\n\t\t\t<p id=\"breadcrumbs\"><span><span><a href=\"https:\/\/tripaim.com\/blog\/\">Inicio<\/a><\/span><\/span><\/p>\t\t<\/div>\n\t\t\t\t<\/div>\n\t\t\t\t<div class=\"elementor-element elementor-element-26d7890b elementor-absolute elementor-widget elementor-widget-image\" data-id=\"26d7890b\" data-element_type=\"widget\" data-settings=\"{&quot;_position&quot;:&quot;absolute&quot;}\" data-widget_type=\"image.default\">\n\t\t\t\t<div class=\"elementor-widget-container\">\n\t\t\t\t\t\t\t\t\t\t\t\t\t<img decoding=\"async\" src=\"https:\/\/tripaim.com\/blog\/wp-content\/uploads\/elementor\/thumbs\/Tripaim-q8bbgminmichpp2ys7cie97rmciv6ngsyoe625c7wg.png\" title=\"Tripaim\" alt=\"Tripaim\" loading=\"lazy\" \/>\t\t\t\t\t\t\t\t\t\t\t\t\t<\/div>\n\t\t\t\t<\/div>\n\t\t\t\t\t<\/div>\n\t\t<\/div>\n\t\t\t\t\t<\/div>\n\t\t<\/section>\n\t\t\t\t<section class=\"elementor-section elementor-top-section elementor-element elementor-element-168f891e elementor-section-boxed elementor-section-height-default elementor-section-height-default\" data-id=\"168f891e\" data-element_type=\"section\" data-settings=\"{&quot;jet_parallax_layout_list&quot;:[{&quot;jet_parallax_layout_image&quot;:{&quot;url&quot;:&quot;&quot;,&quot;id&quot;:&quot;&quot;,&quot;size&quot;:&quot;&quot;},&quot;_id&quot;:&quot;f7d6ebe&quot;,&quot;jet_parallax_layout_image_tablet&quot;:{&quot;url&quot;:&quot;&quot;,&quot;id&quot;:&quot;&quot;,&quot;size&quot;:&quot;&quot;},&quot;jet_parallax_layout_image_mobile&quot;:{&quot;url&quot;:&quot;&quot;,&quot;id&quot;:&quot;&quot;,&quot;size&quot;:&quot;&quot;},&quot;jet_parallax_layout_speed&quot;:{&quot;unit&quot;:&quot;%&quot;,&quot;size&quot;:50,&quot;sizes&quot;:[]},&quot;jet_parallax_layout_type&quot;:&quot;scroll&quot;,&quot;jet_parallax_layout_direction&quot;:null,&quot;jet_parallax_layout_fx_direction&quot;:null,&quot;jet_parallax_layout_z_index&quot;:&quot;&quot;,&quot;jet_parallax_layout_bg_x&quot;:50,&quot;jet_parallax_layout_bg_x_tablet&quot;:&quot;&quot;,&quot;jet_parallax_layout_bg_x_mobile&quot;:&quot;&quot;,&quot;jet_parallax_layout_bg_y&quot;:50,&quot;jet_parallax_layout_bg_y_tablet&quot;:&quot;&quot;,&quot;jet_parallax_layout_bg_y_mobile&quot;:&quot;&quot;,&quot;jet_parallax_layout_bg_size&quot;:&quot;auto&quot;,&quot;jet_parallax_layout_bg_size_tablet&quot;:&quot;&quot;,&quot;jet_parallax_layout_bg_size_mobile&quot;:&quot;&quot;,&quot;jet_parallax_layout_animation_prop&quot;:&quot;transform&quot;,&quot;jet_parallax_layout_on&quot;:[&quot;desktop&quot;,&quot;tablet&quot;]}]}\">\n\t\t\t\t\t\t<div class=\"elementor-container elementor-column-gap-default\">\n\t\t\t\t\t<div class=\"elementor-column elementor-col-66 elementor-top-column elementor-element elementor-element-3b8bb2d5\" data-id=\"3b8bb2d5\" data-element_type=\"column\">\n\t\t\t<div class=\"elementor-widget-wrap elementor-element-populated\">\n\t\t\t\t\t\t<div class=\"elementor-element elementor-element-cfbc533 elementor-widget elementor-widget-heading\" data-id=\"cfbc533\" data-element_type=\"widget\" data-widget_type=\"heading.default\">\n\t\t\t\t<div class=\"elementor-widget-container\">\n\t\t\t<h1 class=\"elementor-heading-title elementor-size-default\">La fiesta flamenca de C\u00f3rdoba.<\/h1>\t\t<\/div>\n\t\t\t\t<\/div>\n\t\t\t\t<div class=\"elementor-element elementor-element-47e3e0f9 elementor-widget elementor-widget-text-editor\" data-id=\"47e3e0f9\" data-element_type=\"widget\" data-widget_type=\"text-editor.default\">\n\t\t\t\t<div class=\"elementor-widget-container\">\n\t\t\t\t\t\t\t<p>Aunque C\u00f3rdoba es una ciudad antigua y repleta de tradiciones, algunas de sus fiestas y celebraciones son bastante nuevas. Sin embargo, esta novedad no impide que festivales como <strong>La noche blanca del Flamenco<\/strong> sean celebrados por el p\u00fablico. \u00bfQuieres saber m\u00e1s sobre este evento? \u00a1Vamos a descubrirlo!<\/p>\t\t\t\t\t\t<\/div>\n\t\t\t\t<\/div>\n\t\t\t\t<div class=\"elementor-element elementor-element-4d5a22f5 elementor-toc--minimized-on-tablet elementor-widget elementor-widget-table-of-contents\" data-id=\"4d5a22f5\" data-element_type=\"widget\" data-settings=\"{&quot;headings_by_tags&quot;:[&quot;h2&quot;],&quot;exclude_headings_by_selector&quot;:[],&quot;no_headings_message&quot;:&quot;No headings were found on this page.&quot;,&quot;marker_view&quot;:&quot;numbers&quot;,&quot;minimize_box&quot;:&quot;yes&quot;,&quot;minimized_on&quot;:&quot;tablet&quot;,&quot;hierarchical_view&quot;:&quot;yes&quot;,&quot;min_height&quot;:{&quot;unit&quot;:&quot;px&quot;,&quot;size&quot;:&quot;&quot;,&quot;sizes&quot;:[]},&quot;min_height_tablet&quot;:{&quot;unit&quot;:&quot;px&quot;,&quot;size&quot;:&quot;&quot;,&quot;sizes&quot;:[]},&quot;min_height_mobile&quot;:{&quot;unit&quot;:&quot;px&quot;,&quot;size&quot;:&quot;&quot;,&quot;sizes&quot;:[]}}\" data-widget_type=\"table-of-contents.default\">\n\t\t\t\t<div class=\"elementor-widget-container\">\n\t\t\t\t\t<div class=\"elementor-toc__header\">\n\t\t\t<h4 class=\"elementor-toc__header-title\">\n\t\t\t\t\u00cdndice de contenido\t\t\t<\/h4>\n\t\t\t\t\t\t\t<div class=\"elementor-toc__toggle-button elementor-toc__toggle-button--expand\" role=\"button\" tabindex=\"0\" aria-controls=\"elementor-toc__4d5a22f5\" aria-expanded=\"true\" aria-label=\"Open table of contents\"><i aria-hidden=\"true\" class=\"fas fa-chevron-down\"><\/i><\/div>\n\t\t\t\t<div class=\"elementor-toc__toggle-button elementor-toc__toggle-button--collapse\" role=\"button\" tabindex=\"0\" aria-controls=\"elementor-toc__4d5a22f5\" aria-expanded=\"true\" aria-label=\"Close table of contents\"><i aria-hidden=\"true\" class=\"fas fa-chevron-up\"><\/i><\/div>\n\t\t\t\t\t<\/div>\n\t\t<div id=\"elementor-toc__4d5a22f5\" class=\"elementor-toc__body\">\n\t\t\t<div class=\"elementor-toc__spinner-container\">\n\t\t\t\t<i class=\"elementor-toc__spinner eicon-animation-spin eicon-loading\" aria-hidden=\"true\"><\/i>\t\t\t<\/div>\n\t\t<\/div>\n\t\t\t\t<\/div>\n\t\t\t\t<\/div>\n\t\t\t\t<div class=\"elementor-element elementor-element-c2b8e3e elementor-widget elementor-widget-image\" data-id=\"c2b8e3e\" data-element_type=\"widget\" data-widget_type=\"image.default\">\n\t\t\t\t<div class=\"elementor-widget-container\">\n\t\t\t\t\t\t\t\t\t\t\t\t\t\t<a href=\"https:\/\/www.tripaim.com\/?afp=ZEM5QmVESjZTVzlVWmtWWVRUWmFNMHhMZWtaaFFUMDk\">\n\t\t\t\t\t\t\t<img fetchpriority=\"high\" decoding=\"async\" width=\"1800\" height=\"299\" src=\"https:\/\/tripaim.com\/blog\/wp-content\/uploads\/2024\/01\/Rutas-personalizadas-Cordoba-ESP.jpg\" class=\"attachment-full size-full wp-image-31301\" alt=\"Gu\u00eda personalizada de C\u00f3rdoba\" srcset=\"https:\/\/tripaim.com\/blog\/wp-content\/uploads\/2024\/01\/Rutas-personalizadas-Cordoba-ESP.jpg 1800w, https:\/\/tripaim.com\/blog\/wp-content\/uploads\/2024\/01\/Rutas-personalizadas-Cordoba-ESP-300x50.jpg 300w, https:\/\/tripaim.com\/blog\/wp-content\/uploads\/2024\/01\/Rutas-personalizadas-Cordoba-ESP-1024x170.jpg 1024w, https:\/\/tripaim.com\/blog\/wp-content\/uploads\/2024\/01\/Rutas-personalizadas-Cordoba-ESP-768x128.jpg 768w, https:\/\/tripaim.com\/blog\/wp-content\/uploads\/2024\/01\/Rutas-personalizadas-Cordoba-ESP-1536x255.jpg 1536w\" sizes=\"(max-width: 1800px) 100vw, 1800px\" \/>\t\t\t\t\t\t\t\t<\/a>\n\t\t\t\t\t\t\t\t\t\t\t\t\t<\/div>\n\t\t\t\t<\/div>\n\t\t\t\t<div class=\"elementor-element elementor-element-573993e elementor-widget elementor-widget-image\" data-id=\"573993e\" data-element_type=\"widget\" data-widget_type=\"image.default\">\n\t\t\t\t<div class=\"elementor-widget-container\">\n\t\t\t\t\t\t\t\t\t\t\t\t\t<img decoding=\"async\" width=\"992\" height=\"450\" src=\"https:\/\/tripaim.com\/blog\/wp-content\/uploads\/2020\/10\/Guitarra-flamenca.jpg\" class=\"attachment-full size-full wp-image-2839\" alt=\"\" srcset=\"https:\/\/tripaim.com\/blog\/wp-content\/uploads\/2020\/10\/Guitarra-flamenca.jpg 992w, https:\/\/tripaim.com\/blog\/wp-content\/uploads\/2020\/10\/Guitarra-flamenca-300x136.jpg 300w, https:\/\/tripaim.com\/blog\/wp-content\/uploads\/2020\/10\/Guitarra-flamenca-768x348.jpg 768w\" sizes=\"(max-width: 992px) 100vw, 992px\" \/>\t\t\t\t\t\t\t\t\t\t\t\t\t<\/div>\n\t\t\t\t<\/div>\n\t\t\t\t<div class=\"elementor-element elementor-element-5c4ccdf0 elementor-widget elementor-widget-heading\" data-id=\"5c4ccdf0\" data-element_type=\"widget\" data-widget_type=\"heading.default\">\n\t\t\t\t<div class=\"elementor-widget-container\">\n\t\t\t<h2 class=\"elementor-heading-title elementor-size-default\">C\u00f3rdoba y el Flamenco <\/h2>\t\t<\/div>\n\t\t\t\t<\/div>\n\t\t\t\t<div class=\"elementor-element elementor-element-32783cb9 elementor-widget elementor-widget-text-editor\" data-id=\"32783cb9\" data-element_type=\"widget\" data-widget_type=\"text-editor.default\">\n\t\t\t\t<div class=\"elementor-widget-container\">\n\t\t\t\t\t\t\t<p>La provincia de C\u00f3rdoba pertenece a la Comunidad Aut\u00f3noma de Andaluc\u00eda, ubicada en el sur de Espa\u00f1a.\u00a0 Por este motivo, comparte muchas tradiciones andaluzas, de entre las que destaca el flamenco.<\/p><p>\u00a0<\/p><p>El flamenco es el baile tradicional de la regi\u00f3n, famoso mundialmente y reconocido s\u00edmbolo internacional de la cultura espa\u00f1ola.<\/p><p>\u00a0<\/p><p>Pero el flamenco no es solo un baile, tambi\u00e9n es un g\u00e9nero musical, el cual suele acompa\u00f1ar muchas de las celebraciones y festejos t\u00edpicos de las diferentes ciudades de Andaluc\u00eda.<\/p><p>\u00a0<\/p><p>En C\u00f3rdoba, el flamenco es visto como parte de las tradiciones locales, y se le da un puesto muy importante en el Mayo Cordob\u00e9s, momento del a\u00f1o en que se celebran distintas fiestas locales.<\/p><p>Sin embargo, el flamenco no contaba con un d\u00eda propio, en el que fuese el protagonista.\u00a0<\/p><p>\u00a0<\/p><p>Afortunadamente, esto cambio cuando el ayuntamiento de la ciudad de C\u00f3rdoba cre\u00f3 La noche blanca del Flamenco.<\/p><p>\u00a0<\/p><p>Este evento, realizado en el mes de junio, se convirti\u00f3 en uno de los festivales flamencos m\u00e1s importantes y populares de todo el mundo.<\/p>\t\t\t\t\t\t<\/div>\n\t\t\t\t<\/div>\n\t\t\t\t<div class=\"elementor-element elementor-element-fcaeb96 elementor-widget elementor-widget-image\" data-id=\"fcaeb96\" data-element_type=\"widget\" data-widget_type=\"image.default\">\n\t\t\t\t<div class=\"elementor-widget-container\">\n\t\t\t\t\t\t\t\t\t\t\t\t\t<img decoding=\"async\" width=\"992\" height=\"450\" src=\"https:\/\/tripaim.com\/blog\/wp-content\/uploads\/2020\/10\/La-noche-blanca-del-Flamenco.jpg\" class=\"attachment-full size-full wp-image-2841\" alt=\"Fiestas de Cordoba\" srcset=\"https:\/\/tripaim.com\/blog\/wp-content\/uploads\/2020\/10\/La-noche-blanca-del-Flamenco.jpg 992w, https:\/\/tripaim.com\/blog\/wp-content\/uploads\/2020\/10\/La-noche-blanca-del-Flamenco-300x136.jpg 300w, https:\/\/tripaim.com\/blog\/wp-content\/uploads\/2020\/10\/La-noche-blanca-del-Flamenco-768x348.jpg 768w\" sizes=\"(max-width: 992px) 100vw, 992px\" \/>\t\t\t\t\t\t\t\t\t\t\t\t\t<\/div>\n\t\t\t\t<\/div>\n\t\t\t\t<div class=\"elementor-element elementor-element-65a10650 elementor-widget elementor-widget-heading\" data-id=\"65a10650\" data-element_type=\"widget\" data-widget_type=\"heading.default\">\n\t\t\t\t<div class=\"elementor-widget-container\">\n\t\t\t<h2 class=\"elementor-heading-title elementor-size-default\">\u00bfC\u00f3mo es La noche blanca del Flamenco?<\/h2>\t\t<\/div>\n\t\t\t\t<\/div>\n\t\t\t\t<div class=\"elementor-element elementor-element-5daed46c elementor-widget elementor-widget-text-editor\" data-id=\"5daed46c\" data-element_type=\"widget\" data-widget_type=\"text-editor.default\">\n\t\t\t\t<div class=\"elementor-widget-container\">\n\t\t\t\t\t\t\t<p>Se le conoce como \u201cNoche blanca del Flamenco\u201d a una serie de actividades culturales, que tienen al flamenco como personaje principal en todas las actuaciones.<\/p><p>\u00a0<\/p><p>El evento suele llevarse a cabo en distintas locaciones, todas ubicadas en la ciudad de C\u00f3rdoba. Su primera edici\u00f3n, que continua siendo una de las m\u00e1s memorables, tuvo lugar en la famosa Plaza de las Tendillas.<\/p><p>\u00a0<\/p><p>Desde entonces, y sin importar la locaci\u00f3n, La noche blanca del Flamenco exhibe una amplia gama de artistas, cantantes y bailarines profesionales. Algunas academias de flamenco, procedentes de cualquier lugar de Espa\u00f1a, tambi\u00e9n participan en el evento.<\/p><p>\u00a0<\/p><p>La noche blanca del Flamenco no tard\u00f3 en ganar seguidores fieles, quienes se re\u00fanen cada a\u00f1o a apreciar el arte de esta danza y g\u00e9nero musical desde tempranas horas de la noche hasta las primeras horas de la madrugada.<\/p><p>\u00a0<\/p><p>Si eres amante del baile, te encanta la cultura andaluza o simplemente quieres disfrutar de esta incre\u00edble puesta en escena, te invitamos a asistir a La noche blanca del Flamenco. Puedes estar seguro que ser\u00e1 una experiencia maravillosa.<\/p>\t\t\t\t\t\t<\/div>\n\t\t\t\t<\/div>\n\t\t\t\t<div class=\"elementor-element elementor-element-e01c1a2 elementor-widget elementor-widget-image\" data-id=\"e01c1a2\" data-element_type=\"widget\" data-widget_type=\"image.default\">\n\t\t\t\t<div class=\"elementor-widget-container\">\n\t\t\t\t\t\t\t\t\t\t\t\t\t<img loading=\"lazy\" decoding=\"async\" width=\"992\" height=\"450\" src=\"https:\/\/tripaim.com\/blog\/wp-content\/uploads\/2020\/10\/Flamenco-en-Cordoba.jpg\" class=\"attachment-full size-full wp-image-2843\" alt=\"\" srcset=\"https:\/\/tripaim.com\/blog\/wp-content\/uploads\/2020\/10\/Flamenco-en-Cordoba.jpg 992w, https:\/\/tripaim.com\/blog\/wp-content\/uploads\/2020\/10\/Flamenco-en-Cordoba-300x136.jpg 300w, https:\/\/tripaim.com\/blog\/wp-content\/uploads\/2020\/10\/Flamenco-en-Cordoba-768x348.jpg 768w\" sizes=\"(max-width: 992px) 100vw, 992px\" \/>\t\t\t\t\t\t\t\t\t\t\t\t\t<\/div>\n\t\t\t\t<\/div>\n\t\t\t\t<div class=\"elementor-element elementor-element-3d29124c elementor-widget elementor-widget-heading\" data-id=\"3d29124c\" data-element_type=\"widget\" data-widget_type=\"heading.default\">\n\t\t\t\t<div class=\"elementor-widget-container\">\n\t\t\t<h2 class=\"elementor-heading-title elementor-size-default\">\u00bfC\u00f3mo planificar tu viaje para poder asistir al festival?<\/h2>\t\t<\/div>\n\t\t\t\t<\/div>\n\t\t\t\t<div class=\"elementor-element elementor-element-25dec964 elementor-widget elementor-widget-text-editor\" data-id=\"25dec964\" data-element_type=\"widget\" data-widget_type=\"text-editor.default\">\n\t\t\t\t<div class=\"elementor-widget-container\">\n\t\t\t\t\t\t\t<p>Si no te quieres perder de esta asombrosa fiesta flamenca, tendr\u00e1s que planificar muy bien tu visita la ciudad de C\u00f3rdoba.<\/p><p>\u00a0<\/p><p>Lo primero que tienes que hacer es investigar qu\u00e9 d\u00eda y en qu\u00e9 lugar se va a realizar La noche blanca del Flamenco. Cuando tengas esta informaci\u00f3n, podr\u00e1s adecuar tu visita al evento.<\/p><p>\u00a0<\/p><p>La Noche blanca del Flamenco es un acontecimiento importante para los cordobeses, uno que cada vez atrae m\u00e1s y m\u00e1s turistas. Pero no tienes que preocuparte demasiado, junio no es el mes de temporada alta en C\u00f3rdoba, por lo que no deber\u00edas tener dificultades consiguiendo transporte y alojamiento.<\/p><p>\u00a0<\/p><p>Si planeas tu estad\u00eda con cuidado, podr\u00edas encontrar algunas ofertas en distintos hostales, lo que te permitir\u00e1 vivir La noche blanca del Flamenco sin tener que gastar demasiado dinero.<\/p>\t\t\t\t\t\t<\/div>\n\t\t\t\t<\/div>\n\t\t\t\t<div class=\"elementor-element elementor-element-6a13718 elementor-widget elementor-widget-image\" data-id=\"6a13718\" data-element_type=\"widget\" data-widget_type=\"image.default\">\n\t\t\t\t<div class=\"elementor-widget-container\">\n\t\t\t\t\t\t\t\t\t\t\t\t\t\t<a href=\"https:\/\/www.tripaim.com\/?afp=ZEM5QmVESjZTVzlVWmtWWVRUWmFNMHhMZWtaaFFUMDk\">\n\t\t\t\t\t\t\t<img loading=\"lazy\" decoding=\"async\" width=\"1024\" height=\"170\" src=\"https:\/\/tripaim.com\/blog\/wp-content\/uploads\/2021\/04\/La-Mezquita-Interior-Amarillo-estrecho-ESP-1024x170.jpg\" class=\"attachment-large size-large wp-image-9788\" alt=\"Rutas turisticas de C\u00f3rdoba gratis\" srcset=\"https:\/\/tripaim.com\/blog\/wp-content\/uploads\/2021\/04\/La-Mezquita-Interior-Amarillo-estrecho-ESP-1024x170.jpg 1024w, https:\/\/tripaim.com\/blog\/wp-content\/uploads\/2021\/04\/La-Mezquita-Interior-Amarillo-estrecho-ESP-300x50.jpg 300w, https:\/\/tripaim.com\/blog\/wp-content\/uploads\/2021\/04\/La-Mezquita-Interior-Amarillo-estrecho-ESP-768x128.jpg 768w, https:\/\/tripaim.com\/blog\/wp-content\/uploads\/2021\/04\/La-Mezquita-Interior-Amarillo-estrecho-ESP-1536x255.jpg 1536w, https:\/\/tripaim.com\/blog\/wp-content\/uploads\/2021\/04\/La-Mezquita-Interior-Amarillo-estrecho-ESP.jpg 1800w\" sizes=\"(max-width: 1024px) 100vw, 1024px\" \/>\t\t\t\t\t\t\t\t<\/a>\n\t\t\t\t\t\t\t\t\t\t\t\t\t<\/div>\n\t\t\t\t<\/div>\n\t\t\t\t<div class=\"elementor-element elementor-element-507b81c6 elementor-widget elementor-widget-heading\" data-id=\"507b81c6\" data-element_type=\"widget\" data-widget_type=\"heading.default\">\n\t\t\t\t<div class=\"elementor-widget-container\">\n\t\t\t<h2 class=\"elementor-heading-title elementor-size-default\">Mapa de C\u00f3rdoba<\/h2>\t\t<\/div>\n\t\t\t\t<\/div>\n\t\t\t\t<div class=\"elementor-element elementor-element-2ecde62f elementor-widget elementor-widget-google_maps\" data-id=\"2ecde62f\" data-element_type=\"widget\" data-widget_type=\"google_maps.default\">\n\t\t\t\t<div class=\"elementor-widget-container\">\n\t\t\t\t\t<div class=\"elementor-custom-embed\">\n\t\t\t<iframe loading=\"lazy\"\n\t\t\t\t\tsrc=\"https:\/\/maps.google.com\/maps?q=C%C3%B3rdoba&#038;t=m&#038;z=15&#038;output=embed&#038;iwloc=near\"\n\t\t\t\t\ttitle=\"C\u00f3rdoba\"\n\t\t\t\t\taria-label=\"C\u00f3rdoba\"\n\t\t\t><\/iframe>\n\t\t<\/div>\n\t\t\t\t<\/div>\n\t\t\t\t<\/div>\n\t\t\t\t\t<\/div>\n\t\t<\/div>\n\t\t\t\t<div class=\"elementor-column elementor-col-33 elementor-top-column elementor-element elementor-element-73759b4c\" data-id=\"73759b4c\" data-element_type=\"column\">\n\t\t\t<div class=\"elementor-widget-wrap elementor-element-populated\">\n\t\t\t\t\t\t<div class=\"elementor-element elementor-element-1ca2e58d elementor-hidden-tablet elementor-hidden-phone elementor-widget elementor-widget-spacer\" data-id=\"1ca2e58d\" data-element_type=\"widget\" data-widget_type=\"spacer.default\">\n\t\t\t\t<div class=\"elementor-widget-container\">\n\t\t\t\t\t<div class=\"elementor-spacer\">\n\t\t\t<div class=\"elementor-spacer-inner\"><\/div>\n\t\t<\/div>\n\t\t\t\t<\/div>\n\t\t\t\t<\/div>\n\t\t\t\t<div data-dce-advanced-background-color=\"#FFFFFF\" class=\"elementor-element elementor-element-4f45211f elementor-widget elementor-widget-sidebar\" data-id=\"4f45211f\" data-element_type=\"widget\" data-widget_type=\"sidebar.default\">\n\t\t\t\t<div class=\"elementor-widget-container\">\n\t\t\t<aside id=\"elementor-library-20\" class=\"content well push-bottom-large widget widget_elementor-library\">\t\t<div data-elementor-type=\"section\" data-elementor-id=\"12025\" class=\"elementor elementor-12025\" data-elementor-post-type=\"elementor_library\">\n\t\t\t\t\t<section class=\"elementor-section elementor-top-section elementor-element elementor-element-4452c73 elementor-section-boxed elementor-section-height-default elementor-section-height-default\" data-id=\"4452c73\" data-element_type=\"section\" data-settings=\"{&quot;jet_parallax_layout_list&quot;:[{&quot;jet_parallax_layout_image&quot;:{&quot;url&quot;:&quot;&quot;,&quot;id&quot;:&quot;&quot;,&quot;size&quot;:&quot;&quot;},&quot;_id&quot;:&quot;70086f7&quot;,&quot;jet_parallax_layout_image_tablet&quot;:{&quot;url&quot;:&quot;&quot;,&quot;id&quot;:&quot;&quot;,&quot;size&quot;:&quot;&quot;},&quot;jet_parallax_layout_image_mobile&quot;:{&quot;url&quot;:&quot;&quot;,&quot;id&quot;:&quot;&quot;,&quot;size&quot;:&quot;&quot;},&quot;jet_parallax_layout_speed&quot;:{&quot;unit&quot;:&quot;%&quot;,&quot;size&quot;:50,&quot;sizes&quot;:[]},&quot;jet_parallax_layout_type&quot;:&quot;scroll&quot;,&quot;jet_parallax_layout_direction&quot;:null,&quot;jet_parallax_layout_fx_direction&quot;:null,&quot;jet_parallax_layout_z_index&quot;:&quot;&quot;,&quot;jet_parallax_layout_bg_x&quot;:50,&quot;jet_parallax_layout_bg_x_tablet&quot;:&quot;&quot;,&quot;jet_parallax_layout_bg_x_mobile&quot;:&quot;&quot;,&quot;jet_parallax_layout_bg_y&quot;:50,&quot;jet_parallax_layout_bg_y_tablet&quot;:&quot;&quot;,&quot;jet_parallax_layout_bg_y_mobile&quot;:&quot;&quot;,&quot;jet_parallax_layout_bg_size&quot;:&quot;auto&quot;,&quot;jet_parallax_layout_bg_size_tablet&quot;:&quot;&quot;,&quot;jet_parallax_layout_bg_size_mobile&quot;:&quot;&quot;,&quot;jet_parallax_layout_animation_prop&quot;:&quot;transform&quot;,&quot;jet_parallax_layout_on&quot;:[&quot;desktop&quot;,&quot;tablet&quot;]}]}\">\n\t\t\t\t\t\t<div class=\"elementor-container elementor-column-gap-default\">\n\t\t\t\t\t<div class=\"elementor-column elementor-col-100 elementor-top-column elementor-element elementor-element-a9fb8d0\" data-id=\"a9fb8d0\" data-element_type=\"column\">\n\t\t\t<div class=\"elementor-widget-wrap elementor-element-populated\">\n\t\t\t\t<!-- dce invisible element bc14613 --><!-- dce invisible element f9a42e4 --><!-- dce invisible element 98ec98c --><!-- dce invisible element c3f1b4a --><!-- dce invisible element c567893 --><!-- dce invisible element 3e32937 --><!-- dce invisible element 2ea0b84 --><!-- dce invisible element 807ee43 -->\t\t<div class=\"elementor-element elementor-element-d0b9d47 elementor-cta--skin-classic elementor-animated-content elementor-widget elementor-widget-call-to-action\" data-id=\"d0b9d47\" data-element_type=\"widget\" data-settings=\"{&quot;enabled_visibility&quot;:&quot;yes&quot;,&quot;dce_visibility_selected&quot;:&quot;yes&quot;}\" data-widget_type=\"call-to-action.default\">\n\t\t\t\t<div class=\"elementor-widget-container\">\n\t\t\t\t\t<a class=\"elementor-cta\" href=\"https:\/\/www.tripaim.com\/?afp=ZEM5QmVESjZTVzlVWmtWWVRUWmFNMHhMZWtaaFFUMDk\" target=\"_blank\">\n\t\t\t\t\t<div class=\"elementor-cta__bg-wrapper\">\n\t\t\t\t<div class=\"elementor-cta__bg elementor-bg\" style=\"background-image: url(https:\/\/tripaim.com\/blog\/wp-content\/uploads\/2021\/06\/Banner-Blog-Lateral-CORDOBA-ESP.jpg);\" role=\"img\" aria-label=\"Guia tur\u00edstica de C\u00f3rdoba gratis\"><\/div>\n\t\t\t\t<div class=\"elementor-cta__bg-overlay\"><\/div>\n\t\t\t<\/div>\n\t\t\t\t\t\t\t\t\t<div class=\"elementor-ribbon\">\n\t\t\t\t<div class=\"elementor-ribbon-inner\">GRATUITA<\/div>\n\t\t\t<\/div>\n\t\t\t\t<\/a>\n\t\t\t\t<\/div>\n\t\t\t\t<\/div>\n\t\t<!-- dce invisible element a978f1f --><!-- dce invisible element 5762a4d --><!-- dce invisible element a0fdba4 --><!-- dce invisible element e2963f1 --><!-- dce invisible element 4f877ad --><!-- dce invisible element ff4a326 --><!-- dce invisible element 43edb24 --><!-- dce invisible element 575991d --><!-- dce invisible element 820f952 --><!-- dce invisible element 252764e --><!-- dce invisible element 3004cca --><!-- dce invisible element 1456a82 --><!-- dce invisible element 38d7e26 --><!-- dce invisible element 3b39092 --><!-- dce invisible element fa34f04 -->\t\t\t<\/div>\n\t\t<\/div>\n\t\t\t\t\t<\/div>\n\t\t<\/section>\n\t\t\t\t<\/div>\n\t\t<\/aside><aside id=\"elementor-library-18\" class=\"content well push-bottom-large widget widget_elementor-library\"><\/aside><aside id=\"elementor-library-15\" class=\"content well push-bottom-large widget widget_elementor-library\"><\/aside><aside id=\"elementor-library-8\" class=\"content well push-bottom-large widget widget_elementor-library\">\t\t<div data-elementor-type=\"page\" data-elementor-id=\"11129\" class=\"elementor elementor-11129\" data-elementor-post-type=\"elementor_library\">\n\t\t\t\t\t\t<section class=\"elementor-section elementor-top-section elementor-element elementor-element-ed4522f elementor-section-boxed elementor-section-height-default elementor-section-height-default\" data-id=\"ed4522f\" data-element_type=\"section\" data-settings=\"{&quot;jet_parallax_layout_list&quot;:[]}\">\n\t\t\t\t\t\t<div class=\"elementor-container elementor-column-gap-default\">\n\t\t\t\t\t<div class=\"elementor-column elementor-col-100 elementor-top-column elementor-element elementor-element-0435b74\" data-id=\"0435b74\" data-element_type=\"column\">\n\t\t\t<div class=\"elementor-widget-wrap elementor-element-populated\">\n\t\t\t\t\t\t<div class=\"elementor-element elementor-element-1b3dc16 elementor-widget elementor-widget-html\" data-id=\"1b3dc16\" data-element_type=\"widget\" data-widget_type=\"html.default\">\n\t\t\t\t<div class=\"elementor-widget-container\">\n\t\t\t<h2>Suscr\u00edbete a la Newsletter<\/h2>\r\n<p>\r\n  <label>\r\n      <input type=\"email\" name=\"EMAIL\" placeholder=\"Tu direcci\u00f3n de correo electr\u00f3nico\" required \/>\r\n  <\/label>\r\n<\/p>\r\n<p>\r\n\r\n    <select name=\"MERGE2\" required=\"\">\r\n        <option value=\"Solo destino\" selected=\"true\">Suscribirme a este destino<\/option>\r\n        <option value=\"Todo el Blog\" >Suscribirme a todo el blog<\/option>\r\n    <\/select>\r\n<\/p>\r\n<br>\r\n<input type=\"text\" name=\"MERGE6\" value=\"{current_path}\" id=\"mc4wp-category-input\" style=\"display:none\">\r\n<input type=\"text\" name=\"MERGE1\" value=\"{language}\" id=\"mc4wp-language-input\" style=\"display:none\">\r\n<p>\r\n  <input type=\"submit\" value=\"Suscribirme\" \/>\r\n<\/p>\t\t<\/div>\n\t\t\t\t<\/div>\n\t\t\t\t\t<\/div>\n\t\t<\/div>\n\t\t\t\t\t<\/div>\n\t\t<\/section>\n\t\t\t\t<section class=\"elementor-section elementor-top-section elementor-element elementor-element-496ff8d elementor-section-boxed elementor-section-height-default elementor-section-height-default\" data-id=\"496ff8d\" data-element_type=\"section\" data-settings=\"{&quot;jet_parallax_layout_list&quot;:[{&quot;jet_parallax_layout_image&quot;:{&quot;url&quot;:&quot;&quot;,&quot;id&quot;:&quot;&quot;,&quot;size&quot;:&quot;&quot;},&quot;_id&quot;:&quot;70086f7&quot;,&quot;jet_parallax_layout_image_tablet&quot;:{&quot;url&quot;:&quot;&quot;,&quot;id&quot;:&quot;&quot;,&quot;size&quot;:&quot;&quot;},&quot;jet_parallax_layout_image_mobile&quot;:{&quot;url&quot;:&quot;&quot;,&quot;id&quot;:&quot;&quot;,&quot;size&quot;:&quot;&quot;},&quot;jet_parallax_layout_speed&quot;:{&quot;unit&quot;:&quot;%&quot;,&quot;size&quot;:50,&quot;sizes&quot;:[]},&quot;jet_parallax_layout_type&quot;:&quot;scroll&quot;,&quot;jet_parallax_layout_direction&quot;:null,&quot;jet_parallax_layout_fx_direction&quot;:null,&quot;jet_parallax_layout_z_index&quot;:&quot;&quot;,&quot;jet_parallax_layout_bg_x&quot;:50,&quot;jet_parallax_layout_bg_x_tablet&quot;:&quot;&quot;,&quot;jet_parallax_layout_bg_x_mobile&quot;:&quot;&quot;,&quot;jet_parallax_layout_bg_y&quot;:50,&quot;jet_parallax_layout_bg_y_tablet&quot;:&quot;&quot;,&quot;jet_parallax_layout_bg_y_mobile&quot;:&quot;&quot;,&quot;jet_parallax_layout_bg_size&quot;:&quot;auto&quot;,&quot;jet_parallax_layout_bg_size_tablet&quot;:&quot;&quot;,&quot;jet_parallax_layout_bg_size_mobile&quot;:&quot;&quot;,&quot;jet_parallax_layout_animation_prop&quot;:&quot;transform&quot;,&quot;jet_parallax_layout_on&quot;:[&quot;desktop&quot;,&quot;tablet&quot;]}]}\">\n\t\t\t\t\t\t<div class=\"elementor-container elementor-column-gap-default\">\n\t\t\t\t\t<div class=\"elementor-column elementor-col-100 elementor-top-column elementor-element elementor-element-11ed92a\" data-id=\"11ed92a\" data-element_type=\"column\">\n\t\t\t<div class=\"elementor-widget-wrap elementor-element-populated\">\n\t\t\t\t\t\t\t<\/div>\n\t\t<\/div>\n\t\t\t\t\t<\/div>\n\t\t<\/section>\n\t\t\t\t<\/div>\n\t\t<\/aside><aside id=\"elementor-library-7\" class=\"content well push-bottom-large widget widget_elementor-library\"><\/aside><aside id=\"tag_cloud-2\" class=\"content well push-bottom-large widget widget_tag_cloud\"><h5 class=\"section-nav-title\">Etiquetas<\/h5><div class=\"tagcloud\"><a href=\"https:\/\/tripaim.com\/blog\/tag\/alemania\/\" class=\"tag-cloud-link tag-link-254 tag-link-position-1\" style=\"font-size: 15.182608695652pt;\" aria-label=\"Alemania (29 elementos)\">Alemania<\/a>\n<a href=\"https:\/\/tripaim.com\/blog\/tag\/america\/\" class=\"tag-cloud-link tag-link-36 tag-link-position-2\" style=\"font-size: 15.486956521739pt;\" aria-label=\"Am\u00e9rica (33 elementos)\">Am\u00e9rica<\/a>\n<a href=\"https:\/\/tripaim.com\/blog\/tag\/argentina\/\" class=\"tag-cloud-link tag-link-133 tag-link-position-3\" style=\"font-size: 13.660869565217pt;\" aria-label=\"Argentina (16 elementos)\">Argentina<\/a>\n<a href=\"https:\/\/tripaim.com\/blog\/tag\/asia\/\" class=\"tag-cloud-link tag-link-37 tag-link-position-4\" style=\"font-size: 11.347826086957pt;\" aria-label=\"Asia (6 elementos)\">Asia<\/a>\n<a href=\"https:\/\/tripaim.com\/blog\/tag\/austria\/\" class=\"tag-cloud-link tag-link-237 tag-link-position-5\" style=\"font-size: 12.747826086957pt;\" aria-label=\"Austria (11 elementos)\">Austria<\/a>\n<a href=\"https:\/\/tripaim.com\/blog\/tag\/bielorrusia\/\" class=\"tag-cloud-link tag-link-349 tag-link-position-6\" style=\"font-size: 9.8260869565217pt;\" aria-label=\"Bielorrusia (3 elementos)\">Bielorrusia<\/a>\n<a href=\"https:\/\/tripaim.com\/blog\/tag\/brasil\/\" class=\"tag-cloud-link tag-link-280 tag-link-position-7\" style=\"font-size: 8pt;\" aria-label=\"Brasil (1 elemento)\">Brasil<\/a>\n<a href=\"https:\/\/tripaim.com\/blog\/tag\/belgica\/\" class=\"tag-cloud-link tag-link-270 tag-link-position-8\" style=\"font-size: 12.504347826087pt;\" aria-label=\"B\u00e9lgica (10 elementos)\">B\u00e9lgica<\/a>\n<a href=\"https:\/\/tripaim.com\/blog\/tag\/canada\/\" class=\"tag-cloud-link tag-link-343 tag-link-position-9\" style=\"font-size: 9.8260869565217pt;\" aria-label=\"Canad\u00e1 (3 elementos)\">Canad\u00e1<\/a>\n<a href=\"https:\/\/tripaim.com\/blog\/tag\/chile\/\" class=\"tag-cloud-link tag-link-302 tag-link-position-10\" style=\"font-size: 10.434782608696pt;\" aria-label=\"Chile (4 elementos)\">Chile<\/a>\n<a href=\"https:\/\/tripaim.com\/blog\/tag\/croacia\/\" class=\"tag-cloud-link tag-link-113 tag-link-position-11\" style=\"font-size: 11.95652173913pt;\" aria-label=\"Croacia (8 elementos)\">Croacia<\/a>\n<a href=\"https:\/\/tripaim.com\/blog\/tag\/cuba\/\" class=\"tag-cloud-link tag-link-97 tag-link-position-12\" style=\"font-size: 10.921739130435pt;\" aria-label=\"Cuba (5 elementos)\">Cuba<\/a>\n<a href=\"https:\/\/tripaim.com\/blog\/tag\/dinamarca\/\" class=\"tag-cloud-link tag-link-327 tag-link-position-13\" style=\"font-size: 12.930434782609pt;\" aria-label=\"Dinamarca (12 elementos)\">Dinamarca<\/a>\n<a href=\"https:\/\/tripaim.com\/blog\/tag\/egipto\/\" class=\"tag-cloud-link tag-link-313 tag-link-position-14\" style=\"font-size: 8pt;\" aria-label=\"Egipto (1 elemento)\">Egipto<\/a>\n<a href=\"https:\/\/tripaim.com\/blog\/tag\/escocia\/\" class=\"tag-cloud-link tag-link-381 tag-link-position-15\" style=\"font-size: 10.434782608696pt;\" aria-label=\"Escocia (4 elementos)\">Escocia<\/a>\n<a href=\"https:\/\/tripaim.com\/blog\/tag\/eslovaquia\/\" class=\"tag-cloud-link tag-link-492 tag-link-position-16\" style=\"font-size: 11.347826086957pt;\" aria-label=\"Eslovaquia (6 elementos)\">Eslovaquia<\/a>\n<a href=\"https:\/\/tripaim.com\/blog\/tag\/eslovenia\/\" class=\"tag-cloud-link tag-link-387 tag-link-position-17\" style=\"font-size: 11.347826086957pt;\" aria-label=\"Eslovenia (6 elementos)\">Eslovenia<\/a>\n<a href=\"https:\/\/tripaim.com\/blog\/tag\/espana\/\" class=\"tag-cloud-link tag-link-35 tag-link-position-18\" style=\"font-size: 18.04347826087pt;\" aria-label=\"Espa\u00f1a (89 elementos)\">Espa\u00f1a<\/a>\n<a href=\"https:\/\/tripaim.com\/blog\/tag\/estonia\/\" class=\"tag-cloud-link tag-link-337 tag-link-position-19\" style=\"font-size: 12.747826086957pt;\" aria-label=\"Estonia (11 elementos)\">Estonia<\/a>\n<a href=\"https:\/\/tripaim.com\/blog\/tag\/europa\/\" class=\"tag-cloud-link tag-link-34 tag-link-position-20\" style=\"font-size: 22pt;\" aria-label=\"Europa (396 elementos)\">Europa<\/a>\n<a href=\"https:\/\/tripaim.com\/blog\/tag\/filipinas\/\" class=\"tag-cloud-link tag-link-262 tag-link-position-21\" style=\"font-size: 8pt;\" aria-label=\"Filipinas (1 elemento)\">Filipinas<\/a>\n<a href=\"https:\/\/tripaim.com\/blog\/tag\/francia\/\" class=\"tag-cloud-link tag-link-69 tag-link-position-22\" style=\"font-size: 14.75652173913pt;\" aria-label=\"Francia (25 elementos)\">Francia<\/a>\n<a href=\"https:\/\/tripaim.com\/blog\/tag\/global\/\" class=\"tag-cloud-link tag-link-429 tag-link-position-23\" style=\"font-size: 9.095652173913pt;\" aria-label=\"Global (2 elementos)\">Global<\/a>\n<a href=\"https:\/\/tripaim.com\/blog\/tag\/grecia\/\" class=\"tag-cloud-link tag-link-90 tag-link-position-24\" style=\"font-size: 14.330434782609pt;\" aria-label=\"Grecia (21 elementos)\">Grecia<\/a>\n<a href=\"https:\/\/tripaim.com\/blog\/tag\/hungria\/\" class=\"tag-cloud-link tag-link-191 tag-link-position-25\" style=\"font-size: 14.573913043478pt;\" aria-label=\"Hungria (23 elementos)\">Hungria<\/a>\n<a href=\"https:\/\/tripaim.com\/blog\/tag\/irlanda\/\" class=\"tag-cloud-link tag-link-319 tag-link-position-26\" style=\"font-size: 8pt;\" aria-label=\"Irlanda (1 elemento)\">Irlanda<\/a>\n<a href=\"https:\/\/tripaim.com\/blog\/tag\/israel\/\" class=\"tag-cloud-link tag-link-153 tag-link-position-27\" style=\"font-size: 8pt;\" aria-label=\"Israel (1 elemento)\">Israel<\/a>\n<a href=\"https:\/\/tripaim.com\/blog\/tag\/italia\/\" class=\"tag-cloud-link tag-link-106 tag-link-position-28\" style=\"font-size: 17.495652173913pt;\" aria-label=\"Italia (71 elementos)\">Italia<\/a>\n<a href=\"https:\/\/tripaim.com\/blog\/tag\/italia-en\/\" class=\"tag-cloud-link tag-link-553 tag-link-position-29\" style=\"font-size: 15.060869565217pt;\" aria-label=\"Italy (28 elementos)\">Italy<\/a>\n<a href=\"https:\/\/tripaim.com\/blog\/tag\/italy-en\/\" class=\"tag-cloud-link tag-link-396 tag-link-position-30\" style=\"font-size: 8pt;\" aria-label=\"Italy (1 elemento)\">Italy<\/a>\n<a href=\"https:\/\/tripaim.com\/blog\/tag\/letonia\/\" class=\"tag-cloud-link tag-link-400 tag-link-position-31\" style=\"font-size: 9.8260869565217pt;\" aria-label=\"Letonia (3 elementos)\">Letonia<\/a>\n<a href=\"https:\/\/tripaim.com\/blog\/tag\/marruecos\/\" class=\"tag-cloud-link tag-link-393 tag-link-position-32\" style=\"font-size: 10.434782608696pt;\" aria-label=\"Marruecos (4 elementos)\">Marruecos<\/a>\n<a href=\"https:\/\/tripaim.com\/blog\/tag\/montevideo\/\" class=\"tag-cloud-link tag-link-431 tag-link-position-33\" style=\"font-size: 8pt;\" aria-label=\"Montevideo (1 elemento)\">Montevideo<\/a>\n<a href=\"https:\/\/tripaim.com\/blog\/tag\/noruega\/\" class=\"tag-cloud-link tag-link-477 tag-link-position-34\" style=\"font-size: 11.652173913043pt;\" aria-label=\"Noruega (7 elementos)\">Noruega<\/a>\n<a href=\"https:\/\/tripaim.com\/blog\/tag\/paises-bajos\/\" class=\"tag-cloud-link tag-link-121 tag-link-position-35\" style=\"font-size: 14.75652173913pt;\" aria-label=\"Pa\u00edses Bajos (25 elementos)\">Pa\u00edses Bajos<\/a>\n<a href=\"https:\/\/tripaim.com\/blog\/tag\/peru\/\" class=\"tag-cloud-link tag-link-167 tag-link-position-36\" style=\"font-size: 9.095652173913pt;\" aria-label=\"Per\u00fa (2 elementos)\">Per\u00fa<\/a>\n<a href=\"https:\/\/tripaim.com\/blog\/tag\/portugal\/\" class=\"tag-cloud-link tag-link-184 tag-link-position-37\" style=\"font-size: 13.84347826087pt;\" aria-label=\"Portugal (17 elementos)\">Portugal<\/a>\n<a href=\"https:\/\/tripaim.com\/blog\/tag\/reino-unido\/\" class=\"tag-cloud-link tag-link-178 tag-link-position-38\" style=\"font-size: 12.930434782609pt;\" aria-label=\"Reino Unido (12 elementos)\">Reino Unido<\/a>\n<a href=\"https:\/\/tripaim.com\/blog\/tag\/republica-checa\/\" class=\"tag-cloud-link tag-link-197 tag-link-position-39\" style=\"font-size: 13.173913043478pt;\" aria-label=\"Rep\u00fablica Checa (13 elementos)\">Rep\u00fablica Checa<\/a>\n<a href=\"https:\/\/tripaim.com\/blog\/tag\/suiza\/\" class=\"tag-cloud-link tag-link-406 tag-link-position-40\" style=\"font-size: 11.347826086957pt;\" aria-label=\"Suiza (6 elementos)\">Suiza<\/a>\n<a href=\"https:\/\/tripaim.com\/blog\/tag\/tailandia\/\" class=\"tag-cloud-link tag-link-248 tag-link-position-41\" style=\"font-size: 10.434782608696pt;\" aria-label=\"Tailandia (4 elementos)\">Tailandia<\/a>\n<a href=\"https:\/\/tripaim.com\/blog\/tag\/turquia\/\" class=\"tag-cloud-link tag-link-147 tag-link-position-42\" style=\"font-size: 15pt;\" aria-label=\"Turqu\u00eda (27 elementos)\">Turqu\u00eda<\/a>\n<a href=\"https:\/\/tripaim.com\/blog\/tag\/uruguay\/\" class=\"tag-cloud-link tag-link-417 tag-link-position-43\" style=\"font-size: 10.434782608696pt;\" aria-label=\"Uruguay (4 elementos)\">Uruguay<\/a>\n<a href=\"https:\/\/tripaim.com\/blog\/tag\/africa\/\" class=\"tag-cloud-link tag-link-39 tag-link-position-44\" style=\"font-size: 10.921739130435pt;\" aria-label=\"\u00c1frica (5 elementos)\">\u00c1frica<\/a><\/div>\n<\/aside>\t\t<\/div>\n\t\t\t\t<\/div>\n\t\t\t\t\t<\/div>\n\t\t<\/div>\n\t\t\t\t\t<\/div>\n\t\t<\/section>\n\t\t\t\t<section class=\"elementor-section elementor-top-section elementor-element elementor-element-66a830fb elementor-section-boxed elementor-section-height-default elementor-section-height-default\" data-id=\"66a830fb\" data-element_type=\"section\" data-settings=\"{&quot;jet_parallax_layout_list&quot;:[{&quot;jet_parallax_layout_image&quot;:{&quot;url&quot;:&quot;&quot;,&quot;id&quot;:&quot;&quot;,&quot;size&quot;:&quot;&quot;},&quot;_id&quot;:&quot;375c8d8&quot;,&quot;jet_parallax_layout_image_tablet&quot;:{&quot;url&quot;:&quot;&quot;,&quot;id&quot;:&quot;&quot;,&quot;size&quot;:&quot;&quot;},&quot;jet_parallax_layout_image_mobile&quot;:{&quot;url&quot;:&quot;&quot;,&quot;id&quot;:&quot;&quot;,&quot;size&quot;:&quot;&quot;},&quot;jet_parallax_layout_speed&quot;:{&quot;unit&quot;:&quot;%&quot;,&quot;size&quot;:50,&quot;sizes&quot;:[]},&quot;jet_parallax_layout_type&quot;:&quot;scroll&quot;,&quot;jet_parallax_layout_direction&quot;:null,&quot;jet_parallax_layout_fx_direction&quot;:null,&quot;jet_parallax_layout_z_index&quot;:&quot;&quot;,&quot;jet_parallax_layout_bg_x&quot;:50,&quot;jet_parallax_layout_bg_x_tablet&quot;:&quot;&quot;,&quot;jet_parallax_layout_bg_x_mobile&quot;:&quot;&quot;,&quot;jet_parallax_layout_bg_y&quot;:50,&quot;jet_parallax_layout_bg_y_tablet&quot;:&quot;&quot;,&quot;jet_parallax_layout_bg_y_mobile&quot;:&quot;&quot;,&quot;jet_parallax_layout_bg_size&quot;:&quot;auto&quot;,&quot;jet_parallax_layout_bg_size_tablet&quot;:&quot;&quot;,&quot;jet_parallax_layout_bg_size_mobile&quot;:&quot;&quot;,&quot;jet_parallax_layout_animation_prop&quot;:&quot;transform&quot;,&quot;jet_parallax_layout_on&quot;:[&quot;desktop&quot;,&quot;tablet&quot;]}]}\">\n\t\t\t\t\t\t<div class=\"elementor-container elementor-column-gap-default\">\n\t\t\t\t\t<div class=\"elementor-column elementor-col-100 elementor-top-column elementor-element elementor-element-53d85fe1\" data-id=\"53d85fe1\" data-element_type=\"column\">\n\t\t\t<div class=\"elementor-widget-wrap elementor-element-populated\">\n\t\t\t\t\t\t<div class=\"elementor-element elementor-element-77d4e150 elementor-widget__width-auto elementor-widget elementor-widget-text-editor\" data-id=\"77d4e150\" data-element_type=\"widget\" data-widget_type=\"text-editor.default\">\n\t\t\t\t<div class=\"elementor-widget-container\">\n\t\t\t\t\t\t\t<p>Comp\u00e1rtelo:\u00a0<\/p>\t\t\t\t\t\t<\/div>\n\t\t\t\t<\/div>\n\t\t\t\t<div class=\"elementor-element elementor-element-68d5a358 elementor-widget__width-auto elementor-share-buttons--view-icon-text elementor-share-buttons--skin-gradient elementor-share-buttons--shape-square elementor-grid-0 elementor-share-buttons--color-official elementor-widget elementor-widget-share-buttons\" data-id=\"68d5a358\" data-element_type=\"widget\" data-widget_type=\"share-buttons.default\">\n\t\t\t\t<div class=\"elementor-widget-container\">\n\t\t\t\t\t<div class=\"elementor-grid\">\n\t\t\t\t\t\t\t\t<div class=\"elementor-grid-item\">\n\t\t\t\t\t\t<div\n\t\t\t\t\t\t\tclass=\"elementor-share-btn elementor-share-btn_facebook\"\n\t\t\t\t\t\t\trole=\"button\"\n\t\t\t\t\t\t\ttabindex=\"0\"\n\t\t\t\t\t\t\taria-label=\"Compartir en facebook\"\n\t\t\t\t\t\t>\n\t\t\t\t\t\t\t\t\t\t\t\t\t\t\t<span class=\"elementor-share-btn__icon\">\n\t\t\t\t\t\t\t\t<i class=\"fab fa-facebook\" aria-hidden=\"true\"><\/i>\t\t\t\t\t\t\t<\/span>\n\t\t\t\t\t\t\t\t\t\t\t\t\t\t\t\t\t\t\t\t\t\t<div class=\"elementor-share-btn__text\">\n\t\t\t\t\t\t\t\t\t\t\t\t\t\t\t\t\t\t\t<span class=\"elementor-share-btn__title\">\n\t\t\t\t\t\t\t\t\t\tFacebook\t\t\t\t\t\t\t\t\t<\/span>\n\t\t\t\t\t\t\t\t\t\t\t\t\t\t\t\t\t<\/div>\n\t\t\t\t\t\t\t\t\t\t\t\t\t<\/div>\n\t\t\t\t\t<\/div>\n\t\t\t\t\t\t\t\t\t<div class=\"elementor-grid-item\">\n\t\t\t\t\t\t<div\n\t\t\t\t\t\t\tclass=\"elementor-share-btn elementor-share-btn_twitter\"\n\t\t\t\t\t\t\trole=\"button\"\n\t\t\t\t\t\t\ttabindex=\"0\"\n\t\t\t\t\t\t\taria-label=\"Compartir en twitter\"\n\t\t\t\t\t\t>\n\t\t\t\t\t\t\t\t\t\t\t\t\t\t\t<span class=\"elementor-share-btn__icon\">\n\t\t\t\t\t\t\t\t<i class=\"fab fa-twitter\" aria-hidden=\"true\"><\/i>\t\t\t\t\t\t\t<\/span>\n\t\t\t\t\t\t\t\t\t\t\t\t\t\t\t\t\t\t\t\t\t\t<div class=\"elementor-share-btn__text\">\n\t\t\t\t\t\t\t\t\t\t\t\t\t\t\t\t\t\t\t<span class=\"elementor-share-btn__title\">\n\t\t\t\t\t\t\t\t\t\tTwitter\t\t\t\t\t\t\t\t\t<\/span>\n\t\t\t\t\t\t\t\t\t\t\t\t\t\t\t\t\t<\/div>\n\t\t\t\t\t\t\t\t\t\t\t\t\t<\/div>\n\t\t\t\t\t<\/div>\n\t\t\t\t\t\t\t\t\t<div class=\"elementor-grid-item\">\n\t\t\t\t\t\t<div\n\t\t\t\t\t\t\tclass=\"elementor-share-btn elementor-share-btn_whatsapp\"\n\t\t\t\t\t\t\trole=\"button\"\n\t\t\t\t\t\t\ttabindex=\"0\"\n\t\t\t\t\t\t\taria-label=\"Compartir en whatsapp\"\n\t\t\t\t\t\t>\n\t\t\t\t\t\t\t\t\t\t\t\t\t\t\t<span class=\"elementor-share-btn__icon\">\n\t\t\t\t\t\t\t\t<i class=\"fab fa-whatsapp\" aria-hidden=\"true\"><\/i>\t\t\t\t\t\t\t<\/span>\n\t\t\t\t\t\t\t\t\t\t\t\t\t\t\t\t\t\t\t\t\t\t<div class=\"elementor-share-btn__text\">\n\t\t\t\t\t\t\t\t\t\t\t\t\t\t\t\t\t\t\t<span class=\"elementor-share-btn__title\">\n\t\t\t\t\t\t\t\t\t\tWhatsApp\t\t\t\t\t\t\t\t\t<\/span>\n\t\t\t\t\t\t\t\t\t\t\t\t\t\t\t\t\t<\/div>\n\t\t\t\t\t\t\t\t\t\t\t\t\t<\/div>\n\t\t\t\t\t<\/div>\n\t\t\t\t\t\t\t\t\t<div class=\"elementor-grid-item\">\n\t\t\t\t\t\t<div\n\t\t\t\t\t\t\tclass=\"elementor-share-btn elementor-share-btn_email\"\n\t\t\t\t\t\t\trole=\"button\"\n\t\t\t\t\t\t\ttabindex=\"0\"\n\t\t\t\t\t\t\taria-label=\"Compartir en email\"\n\t\t\t\t\t\t>\n\t\t\t\t\t\t\t\t\t\t\t\t\t\t\t<span class=\"elementor-share-btn__icon\">\n\t\t\t\t\t\t\t\t<i class=\"fas fa-envelope\" aria-hidden=\"true\"><\/i>\t\t\t\t\t\t\t<\/span>\n\t\t\t\t\t\t\t\t\t\t\t\t\t\t\t\t\t\t\t\t\t\t<div class=\"elementor-share-btn__text\">\n\t\t\t\t\t\t\t\t\t\t\t\t\t\t\t\t\t\t\t<span class=\"elementor-share-btn__title\">\n\t\t\t\t\t\t\t\t\t\tEmail\t\t\t\t\t\t\t\t\t<\/span>\n\t\t\t\t\t\t\t\t\t\t\t\t\t\t\t\t\t<\/div>\n\t\t\t\t\t\t\t\t\t\t\t\t\t<\/div>\n\t\t\t\t\t<\/div>\n\t\t\t\t\t\t<\/div>\n\t\t\t\t<\/div>\n\t\t\t\t<\/div>\n\t\t\t\t\t<\/div>\n\t\t<\/div>\n\t\t\t\t\t<\/div>\n\t\t<\/section>\n\t\t\t\t<\/div>\n\t\t","protected":false},"excerpt":{"rendered":"<p class=\"excerpt\">&#xE933;&#xE933;&#xE933;&#xE933;&#xE933; 3.4\/5 La fiesta flamenca de C\u00f3rdoba. Aunque C\u00f3rdoba es una ciudad antigua y repleta de tradiciones, algunas de sus fiestas y celebraciones son bastante nuevas. Sin embargo, esta novedad no impide que festivales como La noche blanca del Flamenco sean celebrados por el p\u00fablico. \u00bfQuieres saber m\u00e1s sobre este evento? \u00a1Vamos a descubrirlo! \u00cdndice [&hellip;]<\/p>\n","protected":false},"author":1,"featured_media":2836,"comment_status":"open","ping_status":"open","sticky":false,"template":"template-blank.php","format":"standard","meta":{"footnotes":""},"categories":[72,172],"tags":[34,35],"class_list":["post-2834","post","type-post","status-publish","format-standard","has-post-thumbnail","hentry","category-cordoba","category-fiestas-y-tradiciones-cordoba","tag-europa","tag-espana"],"yoast_head":"<!-- This site is optimized with the Yoast SEO plugin v24.1 - https:\/\/yoast.com\/wordpress\/plugins\/seo\/ -->\n<title>La Noche blanca del Flamenco es un importante evento del flamenco<\/title>\n<meta name=\"description\" content=\"La Noche blanca del Flamenco es un evento donde una noche en todos los rincones de la ciudad el protagonista es el flamenco.\" \/>\n<meta name=\"robots\" content=\"index, follow, max-snippet:-1, max-image-preview:large, max-video-preview:-1\" \/>\n<link rel=\"canonical\" href=\"https:\/\/tripaim.com\/blog\/cordoba\/la-noche-blanca-del-flamenco\/\" \/>\n<meta name=\"twitter:card\" content=\"summary_large_image\" \/>\n<meta name=\"twitter:title\" content=\"La Noche blanca del Flamenco es un importante evento del flamenco\" \/>\n<meta name=\"twitter:description\" content=\"La Noche blanca del Flamenco es un evento donde una noche en todos los rincones de la ciudad el protagonista es el flamenco.\" \/>\n<meta name=\"twitter:image\" content=\"https:\/\/tripaim.com\/blog\/wp-content\/uploads\/2020\/10\/Flamenco.jpg\" \/>\n<meta name=\"twitter:label1\" content=\"Escrito por\" \/>\n\t<meta name=\"twitter:data1\" content=\"Tripaim\" \/>\n\t<meta name=\"twitter:label2\" content=\"Tiempo de lectura\" \/>\n\t<meta name=\"twitter:data2\" content=\"7 minutos\" \/>\n<script type=\"application\/ld+json\" class=\"yoast-schema-graph\">{\"@context\":\"https:\/\/schema.org\",\"@graph\":[{\"@type\":[\"Article\",\"BlogPosting\"],\"@id\":\"https:\/\/tripaim.com\/blog\/cordoba\/la-noche-blanca-del-flamenco\/#article\",\"isPartOf\":{\"@id\":\"https:\/\/tripaim.com\/blog\/cordoba\/la-noche-blanca-del-flamenco\/\"},\"author\":{\"name\":\"Tripaim\",\"@id\":\"https:\/\/tripaim.com\/blog\/en\/#\/schema\/person\/d41d4686a31c911c6f1c279c1e0f6646\"},\"headline\":\"La noche blanca del Flamenco\",\"datePublished\":\"2024-01-16T01:59:54+00:00\",\"dateModified\":\"2025-07-05T18:07:52+00:00\",\"mainEntityOfPage\":{\"@id\":\"https:\/\/tripaim.com\/blog\/cordoba\/la-noche-blanca-del-flamenco\/\"},\"wordCount\":618,\"commentCount\":3,\"publisher\":{\"@id\":\"https:\/\/tripaim.com\/blog\/en\/#organization\"},\"image\":{\"@id\":\"https:\/\/tripaim.com\/blog\/cordoba\/la-noche-blanca-del-flamenco\/#primaryimage\"},\"thumbnailUrl\":\"https:\/\/tripaim.com\/blog\/wp-content\/uploads\/2020\/10\/Flamenco.jpg\",\"keywords\":[\"Europa\",\"Espa\u00f1a\"],\"articleSection\":[\"C\u00f3rdoba\",\"Fiestas y Tradiciones en C\u00f3rdoba\"],\"inLanguage\":\"es\",\"potentialAction\":[{\"@type\":\"CommentAction\",\"name\":\"Comment\",\"target\":[\"https:\/\/tripaim.com\/blog\/cordoba\/la-noche-blanca-del-flamenco\/#respond\"]}]},{\"@type\":[\"WebPage\",\"ItemPage\"],\"@id\":\"https:\/\/tripaim.com\/blog\/cordoba\/la-noche-blanca-del-flamenco\/\",\"url\":\"https:\/\/tripaim.com\/blog\/cordoba\/la-noche-blanca-del-flamenco\/\",\"name\":\"La Noche blanca del Flamenco es un importante evento del flamenco\",\"isPartOf\":{\"@id\":\"https:\/\/tripaim.com\/blog\/en\/#website\"},\"primaryImageOfPage\":{\"@id\":\"https:\/\/tripaim.com\/blog\/cordoba\/la-noche-blanca-del-flamenco\/#primaryimage\"},\"image\":{\"@id\":\"https:\/\/tripaim.com\/blog\/cordoba\/la-noche-blanca-del-flamenco\/#primaryimage\"},\"thumbnailUrl\":\"https:\/\/tripaim.com\/blog\/wp-content\/uploads\/2020\/10\/Flamenco.jpg\",\"datePublished\":\"2024-01-16T01:59:54+00:00\",\"dateModified\":\"2025-07-05T18:07:52+00:00\",\"description\":\"La Noche blanca del Flamenco es un evento donde una noche en todos los rincones de la ciudad el protagonista es el flamenco.\",\"breadcrumb\":{\"@id\":\"https:\/\/tripaim.com\/blog\/cordoba\/la-noche-blanca-del-flamenco\/#breadcrumb\"},\"inLanguage\":\"es\",\"potentialAction\":[{\"@type\":\"ReadAction\",\"target\":[\"https:\/\/tripaim.com\/blog\/cordoba\/la-noche-blanca-del-flamenco\/\"]}]},{\"@type\":\"ImageObject\",\"inLanguage\":\"es\",\"@id\":\"https:\/\/tripaim.com\/blog\/cordoba\/la-noche-blanca-del-flamenco\/#primaryimage\",\"url\":\"https:\/\/tripaim.com\/blog\/wp-content\/uploads\/2020\/10\/Flamenco.jpg\",\"contentUrl\":\"https:\/\/tripaim.com\/blog\/wp-content\/uploads\/2020\/10\/Flamenco.jpg\",\"width\":1920,\"height\":700,\"caption\":\"Fiesta la noche blanca del flamenco\"},{\"@type\":\"BreadcrumbList\",\"@id\":\"https:\/\/tripaim.com\/blog\/cordoba\/la-noche-blanca-del-flamenco\/#breadcrumb\",\"itemListElement\":[{\"@type\":\"ListItem\",\"position\":1,\"name\":\"Inicio\",\"item\":\"https:\/\/tripaim.com\/blog\/\"},{\"@type\":\"ListItem\",\"position\":2,\"name\":\"C\u00f3rdoba\",\"item\":\"https:\/\/tripaim.com\/blog\/category\/cordoba\/\"},{\"@type\":\"ListItem\",\"position\":3,\"name\":\"La noche blanca del Flamenco\"}]},{\"@type\":\"WebSite\",\"@id\":\"https:\/\/tripaim.com\/blog\/en\/#website\",\"url\":\"https:\/\/tripaim.com\/blog\/en\/\",\"name\":\"TripAim\",\"description\":\"Blog de rutas con Audiogu\u00eda\",\"publisher\":{\"@id\":\"https:\/\/tripaim.com\/blog\/en\/#organization\"},\"potentialAction\":[{\"@type\":\"SearchAction\",\"target\":{\"@type\":\"EntryPoint\",\"urlTemplate\":\"https:\/\/tripaim.com\/blog\/en\/?s={search_term_string}\"},\"query-input\":{\"@type\":\"PropertyValueSpecification\",\"valueRequired\":true,\"valueName\":\"search_term_string\"}}],\"inLanguage\":\"es\"},{\"@type\":\"Organization\",\"@id\":\"https:\/\/tripaim.com\/blog\/en\/#organization\",\"name\":\"TripAim\",\"url\":\"https:\/\/tripaim.com\/blog\/en\/\",\"logo\":{\"@type\":\"ImageObject\",\"inLanguage\":\"es\",\"@id\":\"https:\/\/tripaim.com\/blog\/en\/#\/schema\/logo\/image\/\",\"url\":\"https:\/\/tripaim.com\/blog\/wp-content\/uploads\/2020\/08\/cropped-Tripaim.png\",\"contentUrl\":\"https:\/\/tripaim.com\/blog\/wp-content\/uploads\/2020\/08\/cropped-Tripaim.png\",\"width\":250,\"height\":116,\"caption\":\"TripAim\"},\"image\":{\"@id\":\"https:\/\/tripaim.com\/blog\/en\/#\/schema\/logo\/image\/\"}},{\"@type\":\"Person\",\"@id\":\"https:\/\/tripaim.com\/blog\/en\/#\/schema\/person\/d41d4686a31c911c6f1c279c1e0f6646\",\"name\":\"Tripaim\",\"image\":{\"@type\":\"ImageObject\",\"inLanguage\":\"es\",\"@id\":\"https:\/\/tripaim.com\/blog\/en\/#\/schema\/person\/image\/\",\"url\":\"https:\/\/tripaim.com\/blog\/wp-content\/litespeed\/avatar\/9b9e202dc13b74ee21070ea7e9841b45.jpg?ver=1777318718\",\"contentUrl\":\"https:\/\/tripaim.com\/blog\/wp-content\/litespeed\/avatar\/9b9e202dc13b74ee21070ea7e9841b45.jpg?ver=1777318718\",\"caption\":\"Tripaim\"},\"sameAs\":[\"https:\/\/tripaim.com\/blog\"],\"url\":\"https:\/\/tripaim.com\/blog\/author\/tripaimanel\/\"}]}<\/script>\n<!-- \/ Yoast SEO plugin. -->","yoast_head_json":{"title":"La Noche blanca del Flamenco es un importante evento del flamenco","description":"La Noche blanca del Flamenco es un evento donde una noche en todos los rincones de la ciudad el protagonista es el flamenco.","robots":{"index":"index","follow":"follow","max-snippet":"max-snippet:-1","max-image-preview":"max-image-preview:large","max-video-preview":"max-video-preview:-1"},"canonical":"https:\/\/tripaim.com\/blog\/cordoba\/la-noche-blanca-del-flamenco\/","twitter_card":"summary_large_image","twitter_title":"La Noche blanca del Flamenco es un importante evento del flamenco","twitter_description":"La Noche blanca del Flamenco es un evento donde una noche en todos los rincones de la ciudad el protagonista es el flamenco.","twitter_image":"https:\/\/tripaim.com\/blog\/wp-content\/uploads\/2020\/10\/Flamenco.jpg","twitter_misc":{"Escrito por":"Tripaim","Tiempo de lectura":"7 minutos"},"schema":{"@context":"https:\/\/schema.org","@graph":[{"@type":["Article","BlogPosting"],"@id":"https:\/\/tripaim.com\/blog\/cordoba\/la-noche-blanca-del-flamenco\/#article","isPartOf":{"@id":"https:\/\/tripaim.com\/blog\/cordoba\/la-noche-blanca-del-flamenco\/"},"author":{"name":"Tripaim","@id":"https:\/\/tripaim.com\/blog\/en\/#\/schema\/person\/d41d4686a31c911c6f1c279c1e0f6646"},"headline":"La noche blanca del Flamenco","datePublished":"2024-01-16T01:59:54+00:00","dateModified":"2025-07-05T18:07:52+00:00","mainEntityOfPage":{"@id":"https:\/\/tripaim.com\/blog\/cordoba\/la-noche-blanca-del-flamenco\/"},"wordCount":618,"commentCount":3,"publisher":{"@id":"https:\/\/tripaim.com\/blog\/en\/#organization"},"image":{"@id":"https:\/\/tripaim.com\/blog\/cordoba\/la-noche-blanca-del-flamenco\/#primaryimage"},"thumbnailUrl":"https:\/\/tripaim.com\/blog\/wp-content\/uploads\/2020\/10\/Flamenco.jpg","keywords":["Europa","Espa\u00f1a"],"articleSection":["C\u00f3rdoba","Fiestas y Tradiciones en C\u00f3rdoba"],"inLanguage":"es","potentialAction":[{"@type":"CommentAction","name":"Comment","target":["https:\/\/tripaim.com\/blog\/cordoba\/la-noche-blanca-del-flamenco\/#respond"]}]},{"@type":["WebPage","ItemPage"],"@id":"https:\/\/tripaim.com\/blog\/cordoba\/la-noche-blanca-del-flamenco\/","url":"https:\/\/tripaim.com\/blog\/cordoba\/la-noche-blanca-del-flamenco\/","name":"La Noche blanca del Flamenco es un importante evento del flamenco","isPartOf":{"@id":"https:\/\/tripaim.com\/blog\/en\/#website"},"primaryImageOfPage":{"@id":"https:\/\/tripaim.com\/blog\/cordoba\/la-noche-blanca-del-flamenco\/#primaryimage"},"image":{"@id":"https:\/\/tripaim.com\/blog\/cordoba\/la-noche-blanca-del-flamenco\/#primaryimage"},"thumbnailUrl":"https:\/\/tripaim.com\/blog\/wp-content\/uploads\/2020\/10\/Flamenco.jpg","datePublished":"2024-01-16T01:59:54+00:00","dateModified":"2025-07-05T18:07:52+00:00","description":"La Noche blanca del Flamenco es un evento donde una noche en todos los rincones de la ciudad el protagonista es el flamenco.","breadcrumb":{"@id":"https:\/\/tripaim.com\/blog\/cordoba\/la-noche-blanca-del-flamenco\/#breadcrumb"},"inLanguage":"es","potentialAction":[{"@type":"ReadAction","target":["https:\/\/tripaim.com\/blog\/cordoba\/la-noche-blanca-del-flamenco\/"]}]},{"@type":"ImageObject","inLanguage":"es","@id":"https:\/\/tripaim.com\/blog\/cordoba\/la-noche-blanca-del-flamenco\/#primaryimage","url":"https:\/\/tripaim.com\/blog\/wp-content\/uploads\/2020\/10\/Flamenco.jpg","contentUrl":"https:\/\/tripaim.com\/blog\/wp-content\/uploads\/2020\/10\/Flamenco.jpg","width":1920,"height":700,"caption":"Fiesta la noche blanca del flamenco"},{"@type":"BreadcrumbList","@id":"https:\/\/tripaim.com\/blog\/cordoba\/la-noche-blanca-del-flamenco\/#breadcrumb","itemListElement":[{"@type":"ListItem","position":1,"name":"Inicio","item":"https:\/\/tripaim.com\/blog\/"},{"@type":"ListItem","position":2,"name":"C\u00f3rdoba","item":"https:\/\/tripaim.com\/blog\/category\/cordoba\/"},{"@type":"ListItem","position":3,"name":"La noche blanca del Flamenco"}]},{"@type":"WebSite","@id":"https:\/\/tripaim.com\/blog\/en\/#website","url":"https:\/\/tripaim.com\/blog\/en\/","name":"TripAim","description":"Blog de rutas con Audiogu\u00eda","publisher":{"@id":"https:\/\/tripaim.com\/blog\/en\/#organization"},"potentialAction":[{"@type":"SearchAction","target":{"@type":"EntryPoint","urlTemplate":"https:\/\/tripaim.com\/blog\/en\/?s={search_term_string}"},"query-input":{"@type":"PropertyValueSpecification","valueRequired":true,"valueName":"search_term_string"}}],"inLanguage":"es"},{"@type":"Organization","@id":"https:\/\/tripaim.com\/blog\/en\/#organization","name":"TripAim","url":"https:\/\/tripaim.com\/blog\/en\/","logo":{"@type":"ImageObject","inLanguage":"es","@id":"https:\/\/tripaim.com\/blog\/en\/#\/schema\/logo\/image\/","url":"https:\/\/tripaim.com\/blog\/wp-content\/uploads\/2020\/08\/cropped-Tripaim.png","contentUrl":"https:\/\/tripaim.com\/blog\/wp-content\/uploads\/2020\/08\/cropped-Tripaim.png","width":250,"height":116,"caption":"TripAim"},"image":{"@id":"https:\/\/tripaim.com\/blog\/en\/#\/schema\/logo\/image\/"}},{"@type":"Person","@id":"https:\/\/tripaim.com\/blog\/en\/#\/schema\/person\/d41d4686a31c911c6f1c279c1e0f6646","name":"Tripaim","image":{"@type":"ImageObject","inLanguage":"es","@id":"https:\/\/tripaim.com\/blog\/en\/#\/schema\/person\/image\/","url":"https:\/\/tripaim.com\/blog\/wp-content\/litespeed\/avatar\/9b9e202dc13b74ee21070ea7e9841b45.jpg?ver=1777318718","contentUrl":"https:\/\/tripaim.com\/blog\/wp-content\/litespeed\/avatar\/9b9e202dc13b74ee21070ea7e9841b45.jpg?ver=1777318718","caption":"Tripaim"},"sameAs":["https:\/\/tripaim.com\/blog"],"url":"https:\/\/tripaim.com\/blog\/author\/tripaimanel\/"}]}},"_links":{"self":[{"href":"https:\/\/tripaim.com\/blog\/wp-json\/wp\/v2\/posts\/2834","targetHints":{"allow":["GET"]}}],"collection":[{"href":"https:\/\/tripaim.com\/blog\/wp-json\/wp\/v2\/posts"}],"about":[{"href":"https:\/\/tripaim.com\/blog\/wp-json\/wp\/v2\/types\/post"}],"author":[{"embeddable":true,"href":"https:\/\/tripaim.com\/blog\/wp-json\/wp\/v2\/users\/1"}],"replies":[{"embeddable":true,"href":"https:\/\/tripaim.com\/blog\/wp-json\/wp\/v2\/comments?post=2834"}],"version-history":[{"count":10,"href":"https:\/\/tripaim.com\/blog\/wp-json\/wp\/v2\/posts\/2834\/revisions"}],"predecessor-version":[{"id":34386,"href":"https:\/\/tripaim.com\/blog\/wp-json\/wp\/v2\/posts\/2834\/revisions\/34386"}],"wp:featuredmedia":[{"embeddable":true,"href":"https:\/\/tripaim.com\/blog\/wp-json\/wp\/v2\/media\/2836"}],"wp:attachment":[{"href":"https:\/\/tripaim.com\/blog\/wp-json\/wp\/v2\/media?parent=2834"}],"wp:term":[{"taxonomy":"category","embeddable":true,"href":"https:\/\/tripaim.com\/blog\/wp-json\/wp\/v2\/categories?post=2834"},{"taxonomy":"post_tag","embeddable":true,"href":"https:\/\/tripaim.com\/blog\/wp-json\/wp\/v2\/tags?post=2834"}],"curies":[{"name":"wp","href":"https:\/\/api.w.org\/{rel}","templated":true}]}}